{"id":249,"date":"2026-03-13T11:56:28","date_gmt":"2026-03-13T10:56:28","guid":{"rendered":"https:\/\/operacionprotesisdecadera.es\/blog\/?p=249"},"modified":"2026-03-13T11:57:00","modified_gmt":"2026-03-13T10:57:00","slug":"coste-de-la-operacion-de-protesis-de-cadera-en-espana-y-factores-que-influyen","status":"publish","type":"post","link":"https:\/\/operacionprotesisdecadera.es\/blog\/coste-de-la-operacion-de-protesis-de-cadera-en-espana-y-factores-que-influyen\/","title":{"rendered":"Coste de la operaci\u00f3n de pr\u00f3tesis de cadera en Espa\u00f1a y factores que influyen"},"content":{"rendered":"\n<p>El coste de una intervenci\u00f3n de cadera con implante es una de las principales preocupaciones de quienes sufren <strong>dolor de cadera por artrosis<\/strong> o limitaci\u00f3n funcional. En Espa\u00f1a, el precio no solo depende de la complejidad m\u00e9dica, sino tambi\u00e9n del sistema sanitario elegido, la ubicaci\u00f3n de la cl\u00ednica y el nivel tecnol\u00f3gico disponible.<\/p>\n\n\n\n<p>De forma orientativa, el precio de una intervenci\u00f3n de pr\u00f3tesis de cadera en centros privados espa\u00f1oles suele situarse entre los 10.000 \u20ac y los 15.000 \u20ac. Sin embargo, esta cifra puede variar notablemente entre comunidades aut\u00f3nomas y hospitales especializados.<\/p>\n\n\n\n<p>Comprender c\u00f3mo se desarrolla la <a href=\"https:\/\/operacionprotesisdecadera.es\/\">operaci\u00f3n pr\u00f3tesis de cadera<\/a> permite valorar mejor los tiempos quir\u00fargicos, la planificaci\u00f3n m\u00e9dica y las expectativas reales de recuperaci\u00f3n.<\/p>\n\n\n\n<h2 class=\"wp-block-heading\">C\u00f3mo influye el sistema sanitario en el precio de la operaci\u00f3n<\/h2>\n\n\n\n<p>En Espa\u00f1a, el acceso a una operaci\u00f3n de cadera puede realizarse a trav\u00e9s del sistema p\u00fablico o del sector privado. Cada opci\u00f3n presenta diferencias importantes en coste, tiempos y personalizaci\u00f3n del tratamiento.<\/p>\n\n\n\n<ul class=\"wp-block-list\">\n<li><strong>Sanidad p\u00fablica:<\/strong> la intervenci\u00f3n suele estar cubierta, pero puede implicar listas de espera prolongadas.<\/li>\n\n\n\n<li><strong>Sanidad privada:<\/strong> permite elegir especialista, t\u00e9cnica quir\u00fargica y fecha de intervenci\u00f3n.<\/li>\n\n\n\n<li><strong>Seguro m\u00e9dico:<\/strong> algunas p\u00f3lizas cubren total o parcialmente la cirug\u00eda de reemplazo articular.<\/li>\n<\/ul>\n\n\n\n<p>Esta elecci\u00f3n condiciona directamente la inversi\u00f3n econ\u00f3mica y la rapidez en la recuperaci\u00f3n funcional.<\/p>\n\n\n\n<h2 class=\"wp-block-heading\">Diferencias de precio seg\u00fan la ciudad o comunidad aut\u00f3noma<\/h2>\n\n\n\n<p>El coste de una operaci\u00f3n con pr\u00f3tesis puede variar entre Madrid, Barcelona, Valencia o ciudades m\u00e1s peque\u00f1as. Factores como la demanda asistencial, el prestigio del centro o el nivel de especializaci\u00f3n influyen en el presupuesto final.<\/p>\n\n\n\n<figure class=\"wp-block-table\"><table class=\"has-fixed-layout\"><thead><tr><th>Zona<\/th><th>Precio aproximado<\/th><th>Caracter\u00edsticas habituales<\/th><\/tr><\/thead><tbody><tr><td>Grandes ciudades<\/td><td>12.000 \u20ac \u2013 15.000 \u20ac<\/td><td>Alta tecnolog\u00eda y especialistas de referencia<\/td><\/tr><tr><td>Ciudades medianas<\/td><td>10.500 \u20ac \u2013 13.000 \u20ac<\/td><td>Menor saturaci\u00f3n y buena relaci\u00f3n calidad-precio<\/td><\/tr><tr><td>Centros concertados<\/td><td>9.500 \u20ac \u2013 12.000 \u20ac<\/td><td>Opciones financiadas o acuerdos con seguros<\/td><\/tr><\/tbody><\/table><\/figure>\n\n\n\n<p>Analizar estas diferencias permite elegir una cl\u00ednica adaptada a las necesidades m\u00e9dicas y econ\u00f3micas del paciente.<\/p>\n\n\n\n<h2 class=\"wp-block-heading\">Qu\u00e9 incluye normalmente el presupuesto en cl\u00ednicas privadas espa\u00f1olas<\/h2>\n\n\n\n<p>El precio de una intervenci\u00f3n de sustituci\u00f3n articular suele contemplar distintos servicios m\u00e9dicos y hospitalarios.<\/p>\n\n\n\n<ul class=\"wp-block-list\">\n<li>Valoraci\u00f3n traumatol\u00f3gica y pruebas preoperatorias.<\/li>\n\n\n\n<li>Honorarios del equipo quir\u00fargico completo.<\/li>\n\n\n\n<li>Uso de quir\u00f3fano y material de implante.<\/li>\n\n\n\n<li>Ingreso hospitalario y control del dolor.<\/li>\n\n\n\n<li>Inicio de rehabilitaci\u00f3n funcional.<\/li>\n<\/ul>\n\n\n\n<p>Conocer estos conceptos ayuda a entender que el coste no solo corresponde a la cirug\u00eda, sino a todo el proceso asistencial.<\/p>\n\n\n\n<h2 class=\"wp-block-heading\">Tecnolog\u00eda disponible en Espa\u00f1a y su impacto en el precio<\/h2>\n\n\n\n<p>Espa\u00f1a cuenta con hospitales que aplican t\u00e9cnicas avanzadas en operaciones de cadera, como planificaci\u00f3n digital o cirug\u00eda asistida por robot.<\/p>\n\n\n\n<ul class=\"wp-block-list\">\n<li><strong>Cirug\u00eda convencional:<\/strong> opci\u00f3n m\u00e1s extendida.<\/li>\n\n\n\n<li><strong>Abordaje anterior m\u00ednimamente invasivo:<\/strong> menor da\u00f1o muscular y recuperaci\u00f3n m\u00e1s r\u00e1pida.<\/li>\n\n\n\n<li><strong>Cirug\u00eda rob\u00f3tica:<\/strong> mayor precisi\u00f3n y coste superior.<\/li>\n<\/ul>\n\n\n\n<p>Elegir una t\u00e9cnica u otra puede modificar el presupuesto, pero tambi\u00e9n influye en la recuperaci\u00f3n pr\u00f3tesis de cadera y en la duraci\u00f3n del implante.<\/p>\n\n\n\n<h2 class=\"wp-block-heading\">Opciones de financiaci\u00f3n y ayudas disponibles<\/h2>\n\n\n\n<p>Muchas cl\u00ednicas espa\u00f1olas ofrecen financiaci\u00f3n m\u00e9dica para facilitar el acceso a una operaci\u00f3n de cadera con pr\u00f3tesis. Adem\u00e1s, algunos seguros permiten el reembolso parcial del tratamiento.<\/p>\n\n\n\n<ul class=\"wp-block-list\">\n<li>Pago fraccionado sin intereses en determinados centros.<\/li>\n\n\n\n<li>Convenios con mutuas y aseguradoras.<\/li>\n\n\n\n<li>Posibilidad de deducciones m\u00e9dicas en casos espec\u00edficos.<\/li>\n<\/ul>\n\n\n\n<h2 class=\"wp-block-heading\">Preguntas frecuentes (FAQ)<\/h2>\n\n\n\n<p>Estas preguntas ayudan a entender mejor el coste real de la intervenci\u00f3n y a planificar la decisi\u00f3n con mayor seguridad:<\/p>\n\n\n\n<h3 class=\"wp-block-heading\">\u00bfEl precio es igual en toda Espa\u00f1a?<\/h3>\n\n\n\n<p>No, existen diferencias seg\u00fan la ciudad, la cl\u00ednica y la experiencia del especialista.<\/p>\n\n\n\n<h3 class=\"wp-block-heading\">\u00bfSe puede reducir el coste oper\u00e1ndose en otra comunidad?<\/h3>\n\n\n\n<p>Algunos pacientes comparan presupuestos entre regiones para encontrar mejores condiciones econ\u00f3micas.<\/p>\n\n\n\n<h3 class=\"wp-block-heading\">\u00bfEl seguro cubre la intervenci\u00f3n completa?<\/h3>\n\n\n\n<p>Depende de la p\u00f3liza contratada y del tipo de centro hospitalario elegido.<\/p>\n\n\n\n<p>Analizar el precio de una operaci\u00f3n de pr\u00f3tesis de cadera en Espa\u00f1a implica valorar no solo el coste econ\u00f3mico, sino tambi\u00e9n la <strong>experiencia m\u00e9dica, la tecnolog\u00eda disponible y las expectativas de recuperaci\u00f3n<\/strong>. Informarse con tiempo y comparar opciones permite tomar una decisi\u00f3n m\u00e1s segura para mejorar la movilidad y la calidad de vida.<\/p>\n\n\n\n<script type=\"application\/ld+json\">\n{\n  \"@context\": \"https:\/\/schema.org\",\n  \"@type\": \"FAQPage\",\n  \"mainEntity\": [\n    {\n      \"@type\": \"Question\",\n      \"name\": \"\u00bfEl precio es igual en toda Espa\u00f1a?\",\n      \"acceptedAnswer\": {\n        \"@type\": \"Answer\",\n        \"text\": \"No, existen diferencias seg\u00fan la ciudad, la cl\u00ednica y la experiencia del especialista.\"\n      }\n    },\n    {\n      \"@type\": \"Question\",\n      \"name\": \"\u00bfSe puede reducir el coste oper\u00e1ndose en otra comunidad?\",\n      \"acceptedAnswer\": {\n        \"@type\": \"Answer\",\n        \"text\": \"Algunos pacientes comparan presupuestos entre regiones para encontrar mejores condiciones econ\u00f3micas.\"\n      }\n    },\n    {\n      \"@type\": \"Question\",\n      \"name\": \"\u00bfEl seguro cubre la intervenci\u00f3n completa?\",\n      \"acceptedAnswer\": {\n        \"@type\": \"Answer\",\n        \"text\": \"Depende de la p\u00f3liza contratada y del tipo de centro hospitalario elegido.\"\n      }\n    }\n  ]\n}\n<\/script>\n","protected":false},"excerpt":{"rendered":"<p>El coste de una intervenci\u00f3n de cadera con implante es una de&hellip;<\/p>\n","protected":false},"author":1,"featured_media":250,"comment_status":"closed","ping_status":"closed","sticky":false,"template":"","format":"standard","meta":{"footnotes":""},"categories":[2],"tags":[],"class_list":["post-249","post","type-post","status-publish","format-standard","has-post-thumbnail","hentry","category-blog"],"yoast_head":"<!-- This site is optimized with the Yoast SEO plugin v28.3 - https:\/\/yoast.com\/product\/yoast-seo-wordpress\/ -->\n<title>Coste de la operaci\u00f3n de pr\u00f3tesis de cadera en Espa\u00f1a<\/title>\n<meta name=\"description\" content=\"Coste de la operaci\u00f3n de pr\u00f3tesis de cadera en Espa\u00f1a, factores m\u00e9dicos y hospitalarios que influyen en el precio final y aspectos a valorar antes del tratamiento.\" \/>\n<meta name=\"robots\" content=\"index, follow, max-snippet:-1, max-image-preview:large, max-video-preview:-1\" \/>\n<link rel=\"canonical\" href=\"https:\/\/operacionprotesisdecadera.es\/blog\/coste-de-la-operacion-de-protesis-de-cadera-en-espana-y-factores-que-influyen\/\" \/>\n<meta property=\"og:locale\" content=\"es_ES\" \/>\n<meta property=\"og:type\" content=\"article\" \/>\n<meta property=\"og:title\" content=\"Coste de la operaci\u00f3n de pr\u00f3tesis de cadera en Espa\u00f1a\" \/>\n<meta property=\"og:description\" content=\"Coste de la operaci\u00f3n de pr\u00f3tesis de cadera en Espa\u00f1a, factores m\u00e9dicos y hospitalarios que influyen en el precio final y aspectos a valorar antes del tratamiento.\" \/>\n<meta property=\"og:url\" content=\"https:\/\/operacionprotesisdecadera.es\/blog\/coste-de-la-operacion-de-protesis-de-cadera-en-espana-y-factores-que-influyen\/\" \/>\n<meta property=\"og:site_name\" content=\"Operacion protesis de cadera\" \/>\n<meta property=\"article:published_time\" content=\"2026-03-13T10:56:28+00:00\" \/>\n<meta property=\"article:modified_time\" content=\"2026-03-13T10:57:00+00:00\" \/>\n<meta property=\"og:image\" content=\"https:\/\/operacionprotesisdecadera.es\/blog\/wp-content\/uploads\/2026\/03\/recuperacion-operacion-protesis-de-cadera.jpg\" \/>\n\t<meta property=\"og:image:width\" content=\"768\" \/>\n\t<meta property=\"og:image:height\" content=\"385\" \/>\n\t<meta property=\"og:image:type\" content=\"image\/jpeg\" \/>\n<meta name=\"author\" content=\"Sofia Martinez\" \/>\n<meta name=\"twitter:card\" content=\"summary_large_image\" \/>\n<meta name=\"twitter:label1\" content=\"Escrito por\" \/>\n\t<meta name=\"twitter:data1\" content=\"Sofia Martinez\" \/>\n\t<meta name=\"twitter:label2\" content=\"Tiempo de lectura\" \/>\n\t<meta name=\"twitter:data2\" content=\"4 minutos\" \/>\n<script type=\"application\/ld+json\" class=\"yoast-schema-graph\">{\"@context\":\"https:\\\/\\\/schema.org\",\"@graph\":[{\"@type\":\"Article\",\"@id\":\"https:\\\/\\\/operacionprotesisdecadera.es\\\/blog\\\/coste-de-la-operacion-de-protesis-de-cadera-en-espana-y-factores-que-influyen\\\/#article\",\"isPartOf\":{\"@id\":\"https:\\\/\\\/operacionprotesisdecadera.es\\\/blog\\\/coste-de-la-operacion-de-protesis-de-cadera-en-espana-y-factores-que-influyen\\\/\"},\"author\":{\"name\":\"Sofia Martinez\",\"@id\":\"https:\\\/\\\/operacionprotesisdecadera.es\\\/blog\\\/#\\\/schema\\\/person\\\/3d360f366081c3591ca3903fbe9db2fd\"},\"headline\":\"Coste de la operaci\u00f3n de pr\u00f3tesis de cadera en Espa\u00f1a y factores que influyen\",\"datePublished\":\"2026-03-13T10:56:28+00:00\",\"dateModified\":\"2026-03-13T10:57:00+00:00\",\"mainEntityOfPage\":{\"@id\":\"https:\\\/\\\/operacionprotesisdecadera.es\\\/blog\\\/coste-de-la-operacion-de-protesis-de-cadera-en-espana-y-factores-que-influyen\\\/\"},\"wordCount\":763,\"image\":{\"@id\":\"https:\\\/\\\/operacionprotesisdecadera.es\\\/blog\\\/coste-de-la-operacion-de-protesis-de-cadera-en-espana-y-factores-que-influyen\\\/#primaryimage\"},\"thumbnailUrl\":\"https:\\\/\\\/operacionprotesisdecadera.es\\\/blog\\\/wp-content\\\/uploads\\\/2026\\\/03\\\/recuperacion-operacion-protesis-de-cadera.jpg\",\"articleSection\":[\"blog\"],\"inLanguage\":\"es\"},{\"@type\":\"WebPage\",\"@id\":\"https:\\\/\\\/operacionprotesisdecadera.es\\\/blog\\\/coste-de-la-operacion-de-protesis-de-cadera-en-espana-y-factores-que-influyen\\\/\",\"url\":\"https:\\\/\\\/operacionprotesisdecadera.es\\\/blog\\\/coste-de-la-operacion-de-protesis-de-cadera-en-espana-y-factores-que-influyen\\\/\",\"name\":\"Coste de la operaci\u00f3n de pr\u00f3tesis de cadera en Espa\u00f1a\",\"isPartOf\":{\"@id\":\"https:\\\/\\\/operacionprotesisdecadera.es\\\/blog\\\/#website\"},\"primaryImageOfPage\":{\"@id\":\"https:\\\/\\\/operacionprotesisdecadera.es\\\/blog\\\/coste-de-la-operacion-de-protesis-de-cadera-en-espana-y-factores-que-influyen\\\/#primaryimage\"},\"image\":{\"@id\":\"https:\\\/\\\/operacionprotesisdecadera.es\\\/blog\\\/coste-de-la-operacion-de-protesis-de-cadera-en-espana-y-factores-que-influyen\\\/#primaryimage\"},\"thumbnailUrl\":\"https:\\\/\\\/operacionprotesisdecadera.es\\\/blog\\\/wp-content\\\/uploads\\\/2026\\\/03\\\/recuperacion-operacion-protesis-de-cadera.jpg\",\"datePublished\":\"2026-03-13T10:56:28+00:00\",\"dateModified\":\"2026-03-13T10:57:00+00:00\",\"author\":{\"@id\":\"https:\\\/\\\/operacionprotesisdecadera.es\\\/blog\\\/#\\\/schema\\\/person\\\/3d360f366081c3591ca3903fbe9db2fd\"},\"description\":\"Coste de la operaci\u00f3n de pr\u00f3tesis de cadera en Espa\u00f1a, factores m\u00e9dicos y hospitalarios que influyen en el precio final y aspectos a valorar antes del tratamiento.\",\"breadcrumb\":{\"@id\":\"https:\\\/\\\/operacionprotesisdecadera.es\\\/blog\\\/coste-de-la-operacion-de-protesis-de-cadera-en-espana-y-factores-que-influyen\\\/#breadcrumb\"},\"inLanguage\":\"es\",\"potentialAction\":[{\"@type\":\"ReadAction\",\"target\":[\"https:\\\/\\\/operacionprotesisdecadera.es\\\/blog\\\/coste-de-la-operacion-de-protesis-de-cadera-en-espana-y-factores-que-influyen\\\/\"]}]},{\"@type\":\"ImageObject\",\"inLanguage\":\"es\",\"@id\":\"https:\\\/\\\/operacionprotesisdecadera.es\\\/blog\\\/coste-de-la-operacion-de-protesis-de-cadera-en-espana-y-factores-que-influyen\\\/#primaryimage\",\"url\":\"https:\\\/\\\/operacionprotesisdecadera.es\\\/blog\\\/wp-content\\\/uploads\\\/2026\\\/03\\\/recuperacion-operacion-protesis-de-cadera.jpg\",\"contentUrl\":\"https:\\\/\\\/operacionprotesisdecadera.es\\\/blog\\\/wp-content\\\/uploads\\\/2026\\\/03\\\/recuperacion-operacion-protesis-de-cadera.jpg\",\"width\":768,\"height\":385,\"caption\":\"precio completo de cirug\u00eda de cadera con pr\u00f3tesis en Espa\u00f1a\"},{\"@type\":\"WebSite\",\"@id\":\"https:\\\/\\\/operacionprotesisdecadera.es\\\/blog\\\/#website\",\"url\":\"https:\\\/\\\/operacionprotesisdecadera.es\\\/blog\\\/\",\"name\":\"Operacion protesis de cadera\",\"description\":\"peracion protesis de cadera\",\"potentialAction\":[{\"@type\":\"SearchAction\",\"target\":{\"@type\":\"EntryPoint\",\"urlTemplate\":\"https:\\\/\\\/operacionprotesisdecadera.es\\\/blog\\\/?s={search_term_string}\"},\"query-input\":{\"@type\":\"PropertyValueSpecification\",\"valueRequired\":true,\"valueName\":\"search_term_string\"}}],\"inLanguage\":\"es\"},{\"@type\":\"Person\",\"@id\":\"https:\\\/\\\/operacionprotesisdecadera.es\\\/blog\\\/#\\\/schema\\\/person\\\/3d360f366081c3591ca3903fbe9db2fd\",\"name\":\"Sofia Martinez\",\"image\":{\"@type\":\"ImageObject\",\"inLanguage\":\"es\",\"@id\":\"https:\\\/\\\/operacionprotesisdecadera.es\\\/blog\\\/wp-content\\\/uploads\\\/2026\\\/02\\\/dra--sofia-mendez-150x150.webp\",\"url\":\"https:\\\/\\\/operacionprotesisdecadera.es\\\/blog\\\/wp-content\\\/uploads\\\/2026\\\/02\\\/dra--sofia-mendez-150x150.webp\",\"contentUrl\":\"https:\\\/\\\/operacionprotesisdecadera.es\\\/blog\\\/wp-content\\\/uploads\\\/2026\\\/02\\\/dra--sofia-mendez-150x150.webp\",\"caption\":\"Sofia Martinez\"},\"sameAs\":[\"https:\\\/\\\/operacionprotesisdecadera.es\\\/blog\"]}]}<\/script>\n<!-- \/ Yoast SEO plugin. -->","yoast_head_json":{"title":"Coste de la operaci\u00f3n de pr\u00f3tesis de cadera en Espa\u00f1a","description":"Coste de la operaci\u00f3n de pr\u00f3tesis de cadera en Espa\u00f1a, factores m\u00e9dicos y hospitalarios que influyen en el precio final y aspectos a valorar antes del tratamiento.","robots":{"index":"index","follow":"follow","max-snippet":"max-snippet:-1","max-image-preview":"max-image-preview:large","max-video-preview":"max-video-preview:-1"},"canonical":"https:\/\/operacionprotesisdecadera.es\/blog\/coste-de-la-operacion-de-protesis-de-cadera-en-espana-y-factores-que-influyen\/","og_locale":"es_ES","og_type":"article","og_title":"Coste de la operaci\u00f3n de pr\u00f3tesis de cadera en Espa\u00f1a","og_description":"Coste de la operaci\u00f3n de pr\u00f3tesis de cadera en Espa\u00f1a, factores m\u00e9dicos y hospitalarios que influyen en el precio final y aspectos a valorar antes del tratamiento.","og_url":"https:\/\/operacionprotesisdecadera.es\/blog\/coste-de-la-operacion-de-protesis-de-cadera-en-espana-y-factores-que-influyen\/","og_site_name":"Operacion protesis de cadera","article_published_time":"2026-03-13T10:56:28+00:00","article_modified_time":"2026-03-13T10:57:00+00:00","og_image":[{"width":768,"height":385,"url":"https:\/\/operacionprotesisdecadera.es\/blog\/wp-content\/uploads\/2026\/03\/recuperacion-operacion-protesis-de-cadera.jpg","type":"image\/jpeg"}],"author":"Sofia Martinez","twitter_card":"summary_large_image","twitter_misc":{"Escrito por":"Sofia Martinez","Tiempo de lectura":"4 minutos"},"schema":{"@context":"https:\/\/schema.org","@graph":[{"@type":"Article","@id":"https:\/\/operacionprotesisdecadera.es\/blog\/coste-de-la-operacion-de-protesis-de-cadera-en-espana-y-factores-que-influyen\/#article","isPartOf":{"@id":"https:\/\/operacionprotesisdecadera.es\/blog\/coste-de-la-operacion-de-protesis-de-cadera-en-espana-y-factores-que-influyen\/"},"author":{"name":"Sofia Martinez","@id":"https:\/\/operacionprotesisdecadera.es\/blog\/#\/schema\/person\/3d360f366081c3591ca3903fbe9db2fd"},"headline":"Coste de la operaci\u00f3n de pr\u00f3tesis de cadera en Espa\u00f1a y factores que influyen","datePublished":"2026-03-13T10:56:28+00:00","dateModified":"2026-03-13T10:57:00+00:00","mainEntityOfPage":{"@id":"https:\/\/operacionprotesisdecadera.es\/blog\/coste-de-la-operacion-de-protesis-de-cadera-en-espana-y-factores-que-influyen\/"},"wordCount":763,"image":{"@id":"https:\/\/operacionprotesisdecadera.es\/blog\/coste-de-la-operacion-de-protesis-de-cadera-en-espana-y-factores-que-influyen\/#primaryimage"},"thumbnailUrl":"https:\/\/operacionprotesisdecadera.es\/blog\/wp-content\/uploads\/2026\/03\/recuperacion-operacion-protesis-de-cadera.jpg","articleSection":["blog"],"inLanguage":"es"},{"@type":"WebPage","@id":"https:\/\/operacionprotesisdecadera.es\/blog\/coste-de-la-operacion-de-protesis-de-cadera-en-espana-y-factores-que-influyen\/","url":"https:\/\/operacionprotesisdecadera.es\/blog\/coste-de-la-operacion-de-protesis-de-cadera-en-espana-y-factores-que-influyen\/","name":"Coste de la operaci\u00f3n de pr\u00f3tesis de cadera en Espa\u00f1a","isPartOf":{"@id":"https:\/\/operacionprotesisdecadera.es\/blog\/#website"},"primaryImageOfPage":{"@id":"https:\/\/operacionprotesisdecadera.es\/blog\/coste-de-la-operacion-de-protesis-de-cadera-en-espana-y-factores-que-influyen\/#primaryimage"},"image":{"@id":"https:\/\/operacionprotesisdecadera.es\/blog\/coste-de-la-operacion-de-protesis-de-cadera-en-espana-y-factores-que-influyen\/#primaryimage"},"thumbnailUrl":"https:\/\/operacionprotesisdecadera.es\/blog\/wp-content\/uploads\/2026\/03\/recuperacion-operacion-protesis-de-cadera.jpg","datePublished":"2026-03-13T10:56:28+00:00","dateModified":"2026-03-13T10:57:00+00:00","author":{"@id":"https:\/\/operacionprotesisdecadera.es\/blog\/#\/schema\/person\/3d360f366081c3591ca3903fbe9db2fd"},"description":"Coste de la operaci\u00f3n de pr\u00f3tesis de cadera en Espa\u00f1a, factores m\u00e9dicos y hospitalarios que influyen en el precio final y aspectos a valorar antes del tratamiento.","breadcrumb":{"@id":"https:\/\/operacionprotesisdecadera.es\/blog\/coste-de-la-operacion-de-protesis-de-cadera-en-espana-y-factores-que-influyen\/#breadcrumb"},"inLanguage":"es","potentialAction":[{"@type":"ReadAction","target":["https:\/\/operacionprotesisdecadera.es\/blog\/coste-de-la-operacion-de-protesis-de-cadera-en-espana-y-factores-que-influyen\/"]}]},{"@type":"ImageObject","inLanguage":"es","@id":"https:\/\/operacionprotesisdecadera.es\/blog\/coste-de-la-operacion-de-protesis-de-cadera-en-espana-y-factores-que-influyen\/#primaryimage","url":"https:\/\/operacionprotesisdecadera.es\/blog\/wp-content\/uploads\/2026\/03\/recuperacion-operacion-protesis-de-cadera.jpg","contentUrl":"https:\/\/operacionprotesisdecadera.es\/blog\/wp-content\/uploads\/2026\/03\/recuperacion-operacion-protesis-de-cadera.jpg","width":768,"height":385,"caption":"precio completo de cirug\u00eda de cadera con pr\u00f3tesis en Espa\u00f1a"},{"@type":"WebSite","@id":"https:\/\/operacionprotesisdecadera.es\/blog\/#website","url":"https:\/\/operacionprotesisdecadera.es\/blog\/","name":"Operacion protesis de cadera","description":"peracion protesis de cadera","potentialAction":[{"@type":"SearchAction","target":{"@type":"EntryPoint","urlTemplate":"https:\/\/operacionprotesisdecadera.es\/blog\/?s={search_term_string}"},"query-input":{"@type":"PropertyValueSpecification","valueRequired":true,"valueName":"search_term_string"}}],"inLanguage":"es"},{"@type":"Person","@id":"https:\/\/operacionprotesisdecadera.es\/blog\/#\/schema\/person\/3d360f366081c3591ca3903fbe9db2fd","name":"Sofia Martinez","image":{"@type":"ImageObject","inLanguage":"es","@id":"https:\/\/operacionprotesisdecadera.es\/blog\/wp-content\/uploads\/2026\/02\/dra--sofia-mendez-150x150.webp","url":"https:\/\/operacionprotesisdecadera.es\/blog\/wp-content\/uploads\/2026\/02\/dra--sofia-mendez-150x150.webp","contentUrl":"https:\/\/operacionprotesisdecadera.es\/blog\/wp-content\/uploads\/2026\/02\/dra--sofia-mendez-150x150.webp","caption":"Sofia Martinez"},"sameAs":["https:\/\/operacionprotesisdecadera.es\/blog"]}]}},"_links":{"self":[{"href":"https:\/\/operacionprotesisdecadera.es\/blog\/wp-json\/wp\/v2\/posts\/249","targetHints":{"allow":["GET"]}}],"collection":[{"href":"https:\/\/operacionprotesisdecadera.es\/blog\/wp-json\/wp\/v2\/posts"}],"about":[{"href":"https:\/\/operacionprotesisdecadera.es\/blog\/wp-json\/wp\/v2\/types\/post"}],"author":[{"embeddable":true,"href":"https:\/\/operacionprotesisdecadera.es\/blog\/wp-json\/wp\/v2\/users\/1"}],"replies":[{"embeddable":true,"href":"https:\/\/operacionprotesisdecadera.es\/blog\/wp-json\/wp\/v2\/comments?post=249"}],"version-history":[{"count":2,"href":"https:\/\/operacionprotesisdecadera.es\/blog\/wp-json\/wp\/v2\/posts\/249\/revisions"}],"predecessor-version":[{"id":252,"href":"https:\/\/operacionprotesisdecadera.es\/blog\/wp-json\/wp\/v2\/posts\/249\/revisions\/252"}],"wp:featuredmedia":[{"embeddable":true,"href":"https:\/\/operacionprotesisdecadera.es\/blog\/wp-json\/wp\/v2\/media\/250"}],"wp:attachment":[{"href":"https:\/\/operacionprotesisdecadera.es\/blog\/wp-json\/wp\/v2\/media?parent=249"}],"wp:term":[{"taxonomy":"category","embeddable":true,"href":"https:\/\/operacionprotesisdecadera.es\/blog\/wp-json\/wp\/v2\/categories?post=249"},{"taxonomy":"post_tag","embeddable":true,"href":"https:\/\/operacionprotesisdecadera.es\/blog\/wp-json\/wp\/v2\/tags?post=249"}],"curies":[{"name":"wp","href":"https:\/\/api.w.org\/{rel}","templated":true}]}}