{"id":211,"date":"2026-03-12T21:44:11","date_gmt":"2026-03-12T20:44:11","guid":{"rendered":"https:\/\/operacionprotesisdecadera.es\/blog\/?p=211"},"modified":"2026-03-12T21:46:22","modified_gmt":"2026-03-12T20:46:22","slug":"operacion-de-protesis-de-cadera-riesgos-y-beneficios-para-mejorar-tu-calidad-de-vida","status":"publish","type":"post","link":"https:\/\/operacionprotesisdecadera.es\/blog\/operacion-de-protesis-de-cadera-riesgos-y-beneficios-para-mejorar-tu-calidad-de-vida\/","title":{"rendered":"Operaci\u00f3n de pr\u00f3tesis de cadera riesgos y beneficios para mejorar tu calidad de vida"},"content":{"rendered":"\n<p><strong>Caminar sin dolor no deber\u00eda ser un lujo.<\/strong> Cuando el desgaste de la articulaci\u00f3n limita actividades tan b\u00e1sicas como levantarse, subir escaleras o descansar correctamente, la cirug\u00eda puede convertirse en una soluci\u00f3n eficaz para recuperar estabilidad y bienestar. La <em>artroplastia<\/em> permite sustituir la articulaci\u00f3n da\u00f1ada por una pr\u00f3tesis dise\u00f1ada para devolver funcionalidad y reducir el dolor de forma significativa.<\/p>\n\n\n\n<p>Hoy en d\u00eda, los avances en <strong>cirug\u00eda ortop\u00e9dica y traumatolog\u00eda<\/strong> han permitido desarrollar t\u00e9cnicas m\u00e1s precisas y menos invasivas. Gracias al uso de tecnolog\u00eda de vanguardia, materiales de alta calidad y protocolos de recuperaci\u00f3n optimizados, es posible minimizar riesgos y mejorar los resultados funcionales. Comprender en qu\u00e9 consiste la <a rel=\"follow\" href=\"https:\/\/operacionprotesisdecadera.es\/\">operaci\u00f3n pr\u00f3tesis de cadera<\/a> ayuda a valorar con mayor claridad el proceso y a tomar decisiones m\u00e9dicas con m\u00e1s confianza.<\/p>\n\n\n\n<div style=\"background:#F5F8FF; border-left:5px solid #2F6BFF; padding:18px; border-radius:10px; margin:26px 0;\">\n<p style=\"margin:0;\"><strong>Valorar la cirug\u00eda en el momento adecuado puede marcar la diferencia<\/strong><\/p>\n<p style=\"margin:8px 0 0 0;\">Consultar con un especialista cuando el dolor empieza a limitar la movilidad permite planificar el tratamiento con m\u00e1s calma y acceder a mejores opciones quir\u00fargicas antes de que el desgaste articular sea m\u00e1s avanzado.<\/p>\n<\/div>\n\n\n\n<h2 class=\"wp-block-heading\">Beneficios de la operaci\u00f3n de pr\u00f3tesis de cadera: \u00bfPor qu\u00e9 dar el paso?<\/h2>\n\n\n\n<p>El principal objetivo de esta intervenci\u00f3n es mejorar la calidad de vida del paciente. M\u00e1s all\u00e1 de resolver el dolor, la cirug\u00eda permite <strong>recuperar independencia y retomar actividades<\/strong> que el desgaste de articulaci\u00f3n tambi\u00e9n conocido como <em>coxartrosis<\/em> hab\u00eda limitado progresivamente.<\/p>\n\n\n\n<ul class=\"wp-block-list\">\n<li><strong>Eliminaci\u00f3n del dolor cr\u00f3nico:<\/strong>\u00a0la mayor\u00eda de los pacientes experimenta una reducci\u00f3n notable de las molestias articulares.<\/li>\n\n\n\n<li><strong>Recuperaci\u00f3n de la movilidad:<\/strong>\u00a0caminar con mayor seguridad, subir escaleras o realizar ejercicio de bajo impacto vuelve a ser posible.<\/li>\n\n\n\n<li><strong>Independencia funcional:<\/strong>\u00a0disminuye la necesidad de ayudas externas o consumo constante de analg\u00e9sicos.<\/li>\n\n\n\n<li><strong>Durabilidad de la pr\u00f3tesis:<\/strong>\u00a0los implantes actuales pueden tener una vida \u00fatil aproximada de entre 20 y 30 a\u00f1os.<\/li>\n<\/ul>\n\n\n\n<p>Estos beneficios no solo impactan en la salud f\u00edsica, sino tambi\u00e9n en el bienestar emocional, al permitir recuperar confianza y autonom\u00eda en la vida diaria.<\/p>\n\n\n\n<h2 class=\"wp-block-heading\">Riesgos de la pr\u00f3tesis de cadera: informaci\u00f3n transparente para tu tranquilidad<\/h2>\n\n\n\n<p>Como cualquier procedimiento quir\u00fargico, esta intervenci\u00f3n puede implicar ciertos riesgos. Sin embargo, conocerlos con claridad y entender c\u00f3mo se previenen ayuda a afrontarlos con mayor tranquilidad.<\/p>\n\n\n\n<ul class=\"wp-block-list\">\n<li><strong>Infecciones:<\/strong>\u00a0los protocolos de esterilizaci\u00f3n en quir\u00f3fano y el uso de antibi\u00f3ticos profil\u00e1cticos reducen significativamente esta posibilidad.<\/li>\n\n\n\n<li><strong>Trombosis venosa:<\/strong>\u00a0la movilizaci\u00f3n precoz y la medicaci\u00f3n preventiva ayudan a minimizar este riesgo.<\/li>\n\n\n\n<li><strong>Luxaci\u00f3n o dislocaci\u00f3n:<\/strong>\u00a0una t\u00e9cnica quir\u00fargica precisa y el cumplimiento de las recomendaciones postoperatorias son fundamentales.<\/li>\n\n\n\n<li><strong>Desgaste del implante a largo plazo:<\/strong>\u00a0la utilizaci\u00f3n de materiales como cer\u00e1mica o polietileno avanzado contribuye a prolongar su durabilidad.<\/li>\n<\/ul>\n\n\n\n<p>El equilibrio entre riesgos y beneficios suele ser favorable cuando la cirug\u00eda est\u00e1 bien indicada y el paciente sigue correctamente las pautas m\u00e9dicas.<\/p>\n\n\n\n<h3 class=\"wp-block-heading\">\u00bfC\u00f3mo minimizamos estos riesgos en nuestro entorno asistencial?<\/h3>\n\n\n\n<ul class=\"wp-block-list\">\n<li><strong>Uso de t\u00e9cnicas m\u00ednimamente invasivas<\/strong> que respetan los tejidos musculares.<\/li>\n\n\n\n<li><strong>Equipo multidisciplinar<\/strong> formado por cirujanos, anestesistas y fisioterapeutas especializados.<\/li>\n\n\n\n<li><strong>Seguimiento postoperatorio personalizado<\/strong> para controlar la evoluci\u00f3n funcional.<\/li>\n<\/ul>\n\n\n\n<h2 class=\"wp-block-heading\">\u00bfCu\u00e1ndo es el momento ideal para la cirug\u00eda?<\/h2>\n\n\n\n<p>La intervenci\u00f3n suele recomendarse cuando el dolor limita de forma importante la vida diaria y los tratamientos conservadores ya no ofrecen resultados suficientes. Esto ocurre con frecuencia en casos de <strong>artrosis avanzada<\/strong>, necrosis avascular o fracturas complejas.<\/p>\n\n\n\n<p><strong>No esperar a que el dolor sea insoportable<\/strong> puede facilitar una recuperaci\u00f3n m\u00e1s r\u00e1pida y mejores resultados funcionales. Tomar la decisi\u00f3n en el momento adecuado permite planificar la intervenci\u00f3n con mayor previsi\u00f3n.<\/p>\n\n\n\n<div style=\"background:#F4F7FF; border-left:5px solid #3A6FF7; padding:18px; border-radius:10px; margin:26px 0;\">\n    <p style=\"margin:0;\"><strong>Recomendaci\u00f3n antes de decidir<\/strong><\/p>\n    <p style=\"margin:8px 0 0 0;\">Solicitar una valoraci\u00f3n m\u00e9dica permite analizar el grado de desgaste articular, el nivel de dolor y las expectativas funcionales para determinar si la cirug\u00eda es la mejor opci\u00f3n.<\/p>\n  <\/div>\n\n\n\n<h2 class=\"wp-block-heading\">El proceso de recuperaci\u00f3n: volviendo a la rutina<\/h2>\n\n\n\n<p>El <strong>postoperatorio de pr\u00f3tesis de cadera<\/strong> requiere constancia, pero suele ser m\u00e1s r\u00e1pido de lo que muchos pacientes imaginan. La movilizaci\u00f3n precoz es clave para evitar complicaciones y favorecer la adaptaci\u00f3n a la nueva articulaci\u00f3n.<\/p>\n\n\n\n<ul class=\"wp-block-list\">\n<li><strong>Primeras 24-48 horas:<\/strong>\u00a0inicio de la marcha con ayuda de muletas o andador.<\/li>\n\n\n\n<li><strong>Primeras semanas:<\/strong>\u00a0programa de fisioterapia para fortalecer la musculatura.<\/li>\n\n\n\n<li><strong>Entre 3 y 6 meses:<\/strong>\u00a0recuperaci\u00f3n progresiva de las actividades cotidianas.<\/li>\n<\/ul>\n\n\n\n<p>El compromiso del paciente con la rehabilitaci\u00f3n influye directamente en el \u00e9xito del tratamiento y en la mejora de la movilidad.<\/p>\n\n\n\n<h2 class=\"wp-block-heading\">Preguntas frecuentes (FAQ)<\/h2>\n\n\n\n<p>Estas respuestas ayudan a comprender mejor el proceso antes de tomar una decisi\u00f3n:<\/p>\n\n\n\n<h3 class=\"wp-block-heading\">\u00bfCu\u00e1nto dura la intervenci\u00f3n quir\u00fargica?<\/h3>\n\n\n\n<p>El procedimiento suele durar entre 60 y 120 minutos, aunque puede variar seg\u00fan la complejidad del caso y la t\u00e9cnica empleada.<\/p>\n\n\n\n<h3 class=\"wp-block-heading\">\u00bfCu\u00e1ndo podr\u00e9 volver a conducir?<\/h3>\n\n\n\n<p>Generalmente entre la sexta y la octava semana, siempre que la recuperaci\u00f3n sea adecuada y el especialista lo autorice.<\/p>\n\n\n\n<h3 class=\"wp-block-heading\">\u00bfQu\u00e9 precio tiene una operaci\u00f3n de pr\u00f3tesis de cadera?<\/h3>\n\n\n\n<p>En Espa\u00f1a el coste puede variar seg\u00fan el implante, el hospital y los servicios incluidos. En el \u00e1mbito privado suele situarse en una horquilla aproximada entre 8.000 \u20ac y 15.000 \u20ac.<\/p>\n\n\n\n<h2 class=\"wp-block-heading\">Recuperar tu movilidad es una decisi\u00f3n importante<\/h2>\n\n\n\n<p>La operaci\u00f3n de pr\u00f3tesis de cadera puede marcar un antes y un despu\u00e9s en la vida de quienes sufren <strong>dolor persistente o limitaciones funcionales<\/strong>. Valorar los riesgos y beneficios de forma personalizada permite tomar decisiones m\u00e1s seguras y planificar la recuperaci\u00f3n con mayor confianza. Dar el paso hacia un tratamiento adecuado no solo mejora la movilidad, sino tambi\u00e9n la calidad de vida a largo plazo.<\/p>\n\n\n\n<script type=\"application\/ld+json\">\n{\n  \"@context\": \"https:\/\/schema.org\",\n  \"@type\": \"FAQPage\",\n  \"mainEntity\": [\n    {\n      \"@type\": \"Question\",\n      \"name\": \"\u00bfCu\u00e1nto dura la intervenci\u00f3n quir\u00fargica?\",\n      \"acceptedAnswer\": {\n        \"@type\": \"Answer\",\n        \"text\": \"El procedimiento suele durar entre 60 y 120 minutos, aunque puede variar seg\u00fan la complejidad del caso y la t\u00e9cnica empleada.\"\n      }\n    },\n    {\n      \"@type\": \"Question\",\n      \"name\": \"\u00bfCu\u00e1ndo podr\u00e9 volver a conducir?\",\n      \"acceptedAnswer\": {\n        \"@type\": \"Answer\",\n        \"text\": \"Generalmente entre la sexta y la octava semana, siempre que la recuperaci\u00f3n sea adecuada y el especialista lo autorice.\"\n      }\n    },\n    {\n      \"@type\": \"Question\",\n      \"name\": \"\u00bfQu\u00e9 precio tiene una operaci\u00f3n de pr\u00f3tesis de cadera?\",\n      \"acceptedAnswer\": {\n        \"@type\": \"Answer\",\n        \"text\": \"En Espa\u00f1a el coste puede variar seg\u00fan el implante, el hospital y los servicios incluidos. En el \u00e1mbito privado suele situarse en una horquilla aproximada entre 8.000 \u20ac y 15.000 \u20ac.\"\n      }\n    }\n  ]\n}\n<\/script>\n","protected":false},"excerpt":{"rendered":"<p>Caminar sin dolor no deber\u00eda ser un lujo. Cuando el desgaste de&hellip;<\/p>\n","protected":false},"author":1,"featured_media":212,"comment_status":"closed","ping_status":"closed","sticky":false,"template":"","format":"standard","meta":{"footnotes":""},"categories":[2],"tags":[],"class_list":["post-211","post","type-post","status-publish","format-standard","has-post-thumbnail","hentry","category-blog"],"yoast_head":"<!-- This site is optimized with the Yoast SEO plugin v28.3 - https:\/\/yoast.com\/product\/yoast-seo-wordpress\/ -->\n<title>Operaci\u00f3n de pr\u00f3tesis de cadera: beneficios y riesgos a valorar<\/title>\n<meta name=\"description\" content=\"Beneficios funcionales y riesgos de la operaci\u00f3n de pr\u00f3tesis de cadera, tiempos de adaptaci\u00f3n, movilidad progresiva y cambios en la calidad de vida tras el tratamiento.\" \/>\n<meta name=\"robots\" content=\"index, follow, max-snippet:-1, max-image-preview:large, max-video-preview:-1\" \/>\n<link rel=\"canonical\" href=\"https:\/\/operacionprotesisdecadera.es\/blog\/operacion-de-protesis-de-cadera-riesgos-y-beneficios-para-mejorar-tu-calidad-de-vida\/\" \/>\n<meta property=\"og:locale\" content=\"es_ES\" \/>\n<meta property=\"og:type\" content=\"article\" \/>\n<meta property=\"og:title\" content=\"Operaci\u00f3n de pr\u00f3tesis de cadera: beneficios y riesgos a valorar\" \/>\n<meta property=\"og:description\" content=\"Beneficios funcionales y riesgos de la operaci\u00f3n de pr\u00f3tesis de cadera, tiempos de adaptaci\u00f3n, movilidad progresiva y cambios en la calidad de vida tras el tratamiento.\" \/>\n<meta property=\"og:url\" content=\"https:\/\/operacionprotesisdecadera.es\/blog\/operacion-de-protesis-de-cadera-riesgos-y-beneficios-para-mejorar-tu-calidad-de-vida\/\" \/>\n<meta property=\"og:site_name\" content=\"Operacion protesis de cadera\" \/>\n<meta property=\"article:published_time\" content=\"2026-03-12T20:44:11+00:00\" \/>\n<meta property=\"article:modified_time\" content=\"2026-03-12T20:46:22+00:00\" \/>\n<meta property=\"og:image\" content=\"https:\/\/operacionprotesisdecadera.es\/blog\/wp-content\/uploads\/2026\/03\/cuanto-vale-cirugia-cadera.jpg\" \/>\n\t<meta property=\"og:image:width\" content=\"768\" \/>\n\t<meta property=\"og:image:height\" content=\"428\" \/>\n\t<meta property=\"og:image:type\" content=\"image\/jpeg\" \/>\n<meta name=\"author\" content=\"Sofia Martinez\" \/>\n<meta name=\"twitter:card\" content=\"summary_large_image\" \/>\n<meta name=\"twitter:label1\" content=\"Escrito por\" \/>\n\t<meta name=\"twitter:data1\" content=\"Sofia Martinez\" \/>\n\t<meta name=\"twitter:label2\" content=\"Tiempo de lectura\" \/>\n\t<meta name=\"twitter:data2\" content=\"5 minutos\" \/>\n<script type=\"application\/ld+json\" class=\"yoast-schema-graph\">{\"@context\":\"https:\\\/\\\/schema.org\",\"@graph\":[{\"@type\":\"Article\",\"@id\":\"https:\\\/\\\/operacionprotesisdecadera.es\\\/blog\\\/operacion-de-protesis-de-cadera-riesgos-y-beneficios-para-mejorar-tu-calidad-de-vida\\\/#article\",\"isPartOf\":{\"@id\":\"https:\\\/\\\/operacionprotesisdecadera.es\\\/blog\\\/operacion-de-protesis-de-cadera-riesgos-y-beneficios-para-mejorar-tu-calidad-de-vida\\\/\"},\"author\":{\"name\":\"Sofia Martinez\",\"@id\":\"https:\\\/\\\/operacionprotesisdecadera.es\\\/blog\\\/#\\\/schema\\\/person\\\/3d360f366081c3591ca3903fbe9db2fd\"},\"headline\":\"Operaci\u00f3n de pr\u00f3tesis de cadera riesgos y beneficios para mejorar tu calidad de vida\",\"datePublished\":\"2026-03-12T20:44:11+00:00\",\"dateModified\":\"2026-03-12T20:46:22+00:00\",\"mainEntityOfPage\":{\"@id\":\"https:\\\/\\\/operacionprotesisdecadera.es\\\/blog\\\/operacion-de-protesis-de-cadera-riesgos-y-beneficios-para-mejorar-tu-calidad-de-vida\\\/\"},\"wordCount\":981,\"image\":{\"@id\":\"https:\\\/\\\/operacionprotesisdecadera.es\\\/blog\\\/operacion-de-protesis-de-cadera-riesgos-y-beneficios-para-mejorar-tu-calidad-de-vida\\\/#primaryimage\"},\"thumbnailUrl\":\"https:\\\/\\\/operacionprotesisdecadera.es\\\/blog\\\/wp-content\\\/uploads\\\/2026\\\/03\\\/cuanto-vale-cirugia-cadera.jpg\",\"articleSection\":[\"blog\"],\"inLanguage\":\"es\"},{\"@type\":\"WebPage\",\"@id\":\"https:\\\/\\\/operacionprotesisdecadera.es\\\/blog\\\/operacion-de-protesis-de-cadera-riesgos-y-beneficios-para-mejorar-tu-calidad-de-vida\\\/\",\"url\":\"https:\\\/\\\/operacionprotesisdecadera.es\\\/blog\\\/operacion-de-protesis-de-cadera-riesgos-y-beneficios-para-mejorar-tu-calidad-de-vida\\\/\",\"name\":\"Operaci\u00f3n de pr\u00f3tesis de cadera: beneficios y riesgos a valorar\",\"isPartOf\":{\"@id\":\"https:\\\/\\\/operacionprotesisdecadera.es\\\/blog\\\/#website\"},\"primaryImageOfPage\":{\"@id\":\"https:\\\/\\\/operacionprotesisdecadera.es\\\/blog\\\/operacion-de-protesis-de-cadera-riesgos-y-beneficios-para-mejorar-tu-calidad-de-vida\\\/#primaryimage\"},\"image\":{\"@id\":\"https:\\\/\\\/operacionprotesisdecadera.es\\\/blog\\\/operacion-de-protesis-de-cadera-riesgos-y-beneficios-para-mejorar-tu-calidad-de-vida\\\/#primaryimage\"},\"thumbnailUrl\":\"https:\\\/\\\/operacionprotesisdecadera.es\\\/blog\\\/wp-content\\\/uploads\\\/2026\\\/03\\\/cuanto-vale-cirugia-cadera.jpg\",\"datePublished\":\"2026-03-12T20:44:11+00:00\",\"dateModified\":\"2026-03-12T20:46:22+00:00\",\"author\":{\"@id\":\"https:\\\/\\\/operacionprotesisdecadera.es\\\/blog\\\/#\\\/schema\\\/person\\\/3d360f366081c3591ca3903fbe9db2fd\"},\"description\":\"Beneficios funcionales y riesgos de la operaci\u00f3n de pr\u00f3tesis de cadera, tiempos de adaptaci\u00f3n, movilidad progresiva y cambios en la calidad de vida tras el tratamiento.\",\"breadcrumb\":{\"@id\":\"https:\\\/\\\/operacionprotesisdecadera.es\\\/blog\\\/operacion-de-protesis-de-cadera-riesgos-y-beneficios-para-mejorar-tu-calidad-de-vida\\\/#breadcrumb\"},\"inLanguage\":\"es\",\"potentialAction\":[{\"@type\":\"ReadAction\",\"target\":[\"https:\\\/\\\/operacionprotesisdecadera.es\\\/blog\\\/operacion-de-protesis-de-cadera-riesgos-y-beneficios-para-mejorar-tu-calidad-de-vida\\\/\"]}]},{\"@type\":\"ImageObject\",\"inLanguage\":\"es\",\"@id\":\"https:\\\/\\\/operacionprotesisdecadera.es\\\/blog\\\/operacion-de-protesis-de-cadera-riesgos-y-beneficios-para-mejorar-tu-calidad-de-vida\\\/#primaryimage\",\"url\":\"https:\\\/\\\/operacionprotesisdecadera.es\\\/blog\\\/wp-content\\\/uploads\\\/2026\\\/03\\\/cuanto-vale-cirugia-cadera.jpg\",\"contentUrl\":\"https:\\\/\\\/operacionprotesisdecadera.es\\\/blog\\\/wp-content\\\/uploads\\\/2026\\\/03\\\/cuanto-vale-cirugia-cadera.jpg\",\"width\":768,\"height\":428,\"caption\":\"recuperaci\u00f3n funcional tras operaci\u00f3n pr\u00f3tesis de cadera\"},{\"@type\":\"WebSite\",\"@id\":\"https:\\\/\\\/operacionprotesisdecadera.es\\\/blog\\\/#website\",\"url\":\"https:\\\/\\\/operacionprotesisdecadera.es\\\/blog\\\/\",\"name\":\"Operacion protesis de cadera\",\"description\":\"peracion protesis de cadera\",\"potentialAction\":[{\"@type\":\"SearchAction\",\"target\":{\"@type\":\"EntryPoint\",\"urlTemplate\":\"https:\\\/\\\/operacionprotesisdecadera.es\\\/blog\\\/?s={search_term_string}\"},\"query-input\":{\"@type\":\"PropertyValueSpecification\",\"valueRequired\":true,\"valueName\":\"search_term_string\"}}],\"inLanguage\":\"es\"},{\"@type\":\"Person\",\"@id\":\"https:\\\/\\\/operacionprotesisdecadera.es\\\/blog\\\/#\\\/schema\\\/person\\\/3d360f366081c3591ca3903fbe9db2fd\",\"name\":\"Sofia Martinez\",\"image\":{\"@type\":\"ImageObject\",\"inLanguage\":\"es\",\"@id\":\"https:\\\/\\\/operacionprotesisdecadera.es\\\/blog\\\/wp-content\\\/uploads\\\/2026\\\/02\\\/dra--sofia-mendez-150x150.webp\",\"url\":\"https:\\\/\\\/operacionprotesisdecadera.es\\\/blog\\\/wp-content\\\/uploads\\\/2026\\\/02\\\/dra--sofia-mendez-150x150.webp\",\"contentUrl\":\"https:\\\/\\\/operacionprotesisdecadera.es\\\/blog\\\/wp-content\\\/uploads\\\/2026\\\/02\\\/dra--sofia-mendez-150x150.webp\",\"caption\":\"Sofia Martinez\"},\"sameAs\":[\"https:\\\/\\\/operacionprotesisdecadera.es\\\/blog\"]}]}<\/script>\n<!-- \/ Yoast SEO plugin. -->","yoast_head_json":{"title":"Operaci\u00f3n de pr\u00f3tesis de cadera: beneficios y riesgos a valorar","description":"Beneficios funcionales y riesgos de la operaci\u00f3n de pr\u00f3tesis de cadera, tiempos de adaptaci\u00f3n, movilidad progresiva y cambios en la calidad de vida tras el tratamiento.","robots":{"index":"index","follow":"follow","max-snippet":"max-snippet:-1","max-image-preview":"max-image-preview:large","max-video-preview":"max-video-preview:-1"},"canonical":"https:\/\/operacionprotesisdecadera.es\/blog\/operacion-de-protesis-de-cadera-riesgos-y-beneficios-para-mejorar-tu-calidad-de-vida\/","og_locale":"es_ES","og_type":"article","og_title":"Operaci\u00f3n de pr\u00f3tesis de cadera: beneficios y riesgos a valorar","og_description":"Beneficios funcionales y riesgos de la operaci\u00f3n de pr\u00f3tesis de cadera, tiempos de adaptaci\u00f3n, movilidad progresiva y cambios en la calidad de vida tras el tratamiento.","og_url":"https:\/\/operacionprotesisdecadera.es\/blog\/operacion-de-protesis-de-cadera-riesgos-y-beneficios-para-mejorar-tu-calidad-de-vida\/","og_site_name":"Operacion protesis de cadera","article_published_time":"2026-03-12T20:44:11+00:00","article_modified_time":"2026-03-12T20:46:22+00:00","og_image":[{"width":768,"height":428,"url":"https:\/\/operacionprotesisdecadera.es\/blog\/wp-content\/uploads\/2026\/03\/cuanto-vale-cirugia-cadera.jpg","type":"image\/jpeg"}],"author":"Sofia Martinez","twitter_card":"summary_large_image","twitter_misc":{"Escrito por":"Sofia Martinez","Tiempo de lectura":"5 minutos"},"schema":{"@context":"https:\/\/schema.org","@graph":[{"@type":"Article","@id":"https:\/\/operacionprotesisdecadera.es\/blog\/operacion-de-protesis-de-cadera-riesgos-y-beneficios-para-mejorar-tu-calidad-de-vida\/#article","isPartOf":{"@id":"https:\/\/operacionprotesisdecadera.es\/blog\/operacion-de-protesis-de-cadera-riesgos-y-beneficios-para-mejorar-tu-calidad-de-vida\/"},"author":{"name":"Sofia Martinez","@id":"https:\/\/operacionprotesisdecadera.es\/blog\/#\/schema\/person\/3d360f366081c3591ca3903fbe9db2fd"},"headline":"Operaci\u00f3n de pr\u00f3tesis de cadera riesgos y beneficios para mejorar tu calidad de vida","datePublished":"2026-03-12T20:44:11+00:00","dateModified":"2026-03-12T20:46:22+00:00","mainEntityOfPage":{"@id":"https:\/\/operacionprotesisdecadera.es\/blog\/operacion-de-protesis-de-cadera-riesgos-y-beneficios-para-mejorar-tu-calidad-de-vida\/"},"wordCount":981,"image":{"@id":"https:\/\/operacionprotesisdecadera.es\/blog\/operacion-de-protesis-de-cadera-riesgos-y-beneficios-para-mejorar-tu-calidad-de-vida\/#primaryimage"},"thumbnailUrl":"https:\/\/operacionprotesisdecadera.es\/blog\/wp-content\/uploads\/2026\/03\/cuanto-vale-cirugia-cadera.jpg","articleSection":["blog"],"inLanguage":"es"},{"@type":"WebPage","@id":"https:\/\/operacionprotesisdecadera.es\/blog\/operacion-de-protesis-de-cadera-riesgos-y-beneficios-para-mejorar-tu-calidad-de-vida\/","url":"https:\/\/operacionprotesisdecadera.es\/blog\/operacion-de-protesis-de-cadera-riesgos-y-beneficios-para-mejorar-tu-calidad-de-vida\/","name":"Operaci\u00f3n de pr\u00f3tesis de cadera: beneficios y riesgos a valorar","isPartOf":{"@id":"https:\/\/operacionprotesisdecadera.es\/blog\/#website"},"primaryImageOfPage":{"@id":"https:\/\/operacionprotesisdecadera.es\/blog\/operacion-de-protesis-de-cadera-riesgos-y-beneficios-para-mejorar-tu-calidad-de-vida\/#primaryimage"},"image":{"@id":"https:\/\/operacionprotesisdecadera.es\/blog\/operacion-de-protesis-de-cadera-riesgos-y-beneficios-para-mejorar-tu-calidad-de-vida\/#primaryimage"},"thumbnailUrl":"https:\/\/operacionprotesisdecadera.es\/blog\/wp-content\/uploads\/2026\/03\/cuanto-vale-cirugia-cadera.jpg","datePublished":"2026-03-12T20:44:11+00:00","dateModified":"2026-03-12T20:46:22+00:00","author":{"@id":"https:\/\/operacionprotesisdecadera.es\/blog\/#\/schema\/person\/3d360f366081c3591ca3903fbe9db2fd"},"description":"Beneficios funcionales y riesgos de la operaci\u00f3n de pr\u00f3tesis de cadera, tiempos de adaptaci\u00f3n, movilidad progresiva y cambios en la calidad de vida tras el tratamiento.","breadcrumb":{"@id":"https:\/\/operacionprotesisdecadera.es\/blog\/operacion-de-protesis-de-cadera-riesgos-y-beneficios-para-mejorar-tu-calidad-de-vida\/#breadcrumb"},"inLanguage":"es","potentialAction":[{"@type":"ReadAction","target":["https:\/\/operacionprotesisdecadera.es\/blog\/operacion-de-protesis-de-cadera-riesgos-y-beneficios-para-mejorar-tu-calidad-de-vida\/"]}]},{"@type":"ImageObject","inLanguage":"es","@id":"https:\/\/operacionprotesisdecadera.es\/blog\/operacion-de-protesis-de-cadera-riesgos-y-beneficios-para-mejorar-tu-calidad-de-vida\/#primaryimage","url":"https:\/\/operacionprotesisdecadera.es\/blog\/wp-content\/uploads\/2026\/03\/cuanto-vale-cirugia-cadera.jpg","contentUrl":"https:\/\/operacionprotesisdecadera.es\/blog\/wp-content\/uploads\/2026\/03\/cuanto-vale-cirugia-cadera.jpg","width":768,"height":428,"caption":"recuperaci\u00f3n funcional tras operaci\u00f3n pr\u00f3tesis de cadera"},{"@type":"WebSite","@id":"https:\/\/operacionprotesisdecadera.es\/blog\/#website","url":"https:\/\/operacionprotesisdecadera.es\/blog\/","name":"Operacion protesis de cadera","description":"peracion protesis de cadera","potentialAction":[{"@type":"SearchAction","target":{"@type":"EntryPoint","urlTemplate":"https:\/\/operacionprotesisdecadera.es\/blog\/?s={search_term_string}"},"query-input":{"@type":"PropertyValueSpecification","valueRequired":true,"valueName":"search_term_string"}}],"inLanguage":"es"},{"@type":"Person","@id":"https:\/\/operacionprotesisdecadera.es\/blog\/#\/schema\/person\/3d360f366081c3591ca3903fbe9db2fd","name":"Sofia Martinez","image":{"@type":"ImageObject","inLanguage":"es","@id":"https:\/\/operacionprotesisdecadera.es\/blog\/wp-content\/uploads\/2026\/02\/dra--sofia-mendez-150x150.webp","url":"https:\/\/operacionprotesisdecadera.es\/blog\/wp-content\/uploads\/2026\/02\/dra--sofia-mendez-150x150.webp","contentUrl":"https:\/\/operacionprotesisdecadera.es\/blog\/wp-content\/uploads\/2026\/02\/dra--sofia-mendez-150x150.webp","caption":"Sofia Martinez"},"sameAs":["https:\/\/operacionprotesisdecadera.es\/blog"]}]}},"_links":{"self":[{"href":"https:\/\/operacionprotesisdecadera.es\/blog\/wp-json\/wp\/v2\/posts\/211","targetHints":{"allow":["GET"]}}],"collection":[{"href":"https:\/\/operacionprotesisdecadera.es\/blog\/wp-json\/wp\/v2\/posts"}],"about":[{"href":"https:\/\/operacionprotesisdecadera.es\/blog\/wp-json\/wp\/v2\/types\/post"}],"author":[{"embeddable":true,"href":"https:\/\/operacionprotesisdecadera.es\/blog\/wp-json\/wp\/v2\/users\/1"}],"replies":[{"embeddable":true,"href":"https:\/\/operacionprotesisdecadera.es\/blog\/wp-json\/wp\/v2\/comments?post=211"}],"version-history":[{"count":6,"href":"https:\/\/operacionprotesisdecadera.es\/blog\/wp-json\/wp\/v2\/posts\/211\/revisions"}],"predecessor-version":[{"id":224,"href":"https:\/\/operacionprotesisdecadera.es\/blog\/wp-json\/wp\/v2\/posts\/211\/revisions\/224"}],"wp:featuredmedia":[{"embeddable":true,"href":"https:\/\/operacionprotesisdecadera.es\/blog\/wp-json\/wp\/v2\/media\/212"}],"wp:attachment":[{"href":"https:\/\/operacionprotesisdecadera.es\/blog\/wp-json\/wp\/v2\/media?parent=211"}],"wp:term":[{"taxonomy":"category","embeddable":true,"href":"https:\/\/operacionprotesisdecadera.es\/blog\/wp-json\/wp\/v2\/categories?post=211"},{"taxonomy":"post_tag","embeddable":true,"href":"https:\/\/operacionprotesisdecadera.es\/blog\/wp-json\/wp\/v2\/tags?post=211"}],"curies":[{"name":"wp","href":"https:\/\/api.w.org\/{rel}","templated":true}]}}