{"id":205,"date":"2026-03-12T21:14:37","date_gmt":"2026-03-12T20:14:37","guid":{"rendered":"https:\/\/operacionprotesisdecadera.es\/blog\/?p=205"},"modified":"2026-03-12T22:08:29","modified_gmt":"2026-03-12T21:08:29","slug":"operacion-de-cadera-con-protesis-total-precio-y-aspectos-clave-del-reemplazo","status":"publish","type":"post","link":"https:\/\/operacionprotesisdecadera.es\/blog\/operacion-de-cadera-con-protesis-total-precio-y-aspectos-clave-del-reemplazo\/","title":{"rendered":"Operaci\u00f3n de cadera con pr\u00f3tesis total: precio y aspectos clave del reemplazo"},"content":{"rendered":"\n<p>La <strong>operaci\u00f3n de pr\u00f3tesis total de cadera<\/strong> es un procedimiento quir\u00fargico indicado cuando la articulaci\u00f3n presenta un desgaste avanzado o da\u00f1os que limitan gravemente la movilidad. Este tipo de intervenci\u00f3n permite sustituir las superficies articulares deterioradas por componentes artificiales dise\u00f1ados para restaurar la estabilidad y reducir el dolor. Conocer en qu\u00e9 consiste el tratamiento y cu\u00e1l puede ser el total precio aproximado ayuda a tomar decisiones con mayor seguridad y a planificar la recuperaci\u00f3n con expectativas realistas.<\/p>\n\n\n\n<p>Muchas personas que conviven con dolor cr\u00f3nico o p\u00e9rdida progresiva de autonom\u00eda valoran esta cirug\u00eda como una soluci\u00f3n definitiva para <strong>recuperar la calidad de vida<\/strong>. Entender c\u00f3mo se planifica la <a href=\"https:\/\/operacionprotesisdecadera.es\/\" rel=\"follow\">operaci\u00f3n pr\u00f3tesis de cadera<\/a> y qu\u00e9 factores influyen en el procedimiento permite interpretar mejor el presupuesto y anticipar el proceso de rehabilitaci\u00f3n.<\/p>\n\n\n\n<h2 class=\"wp-block-heading\">\u00bfEn qu\u00e9 consiste el reemplazo total de cadera?<\/h2>\n\n\n\n<p>El reemplazo total de cadera, tambi\u00e9n conocido como <em>artroplastia<\/em>, consiste en retirar las partes da\u00f1adas de la articulaci\u00f3n y sustituirlas por una pr\u00f3tesis dise\u00f1ada para reproducir el movimiento natural. Esta intervenci\u00f3n es habitual en pacientes con artrosis avanzada, necrosis \u00f3sea o fracturas complejas que no responden a tratamientos conservadores.<\/p>\n\n\n\n<p>Gracias a los avances m\u00e9dicos, hoy se considera una de las cirug\u00edas con mayor tasa de \u00e9xito en traumatolog\u00eda. La combinaci\u00f3n de t\u00e9cnicas quir\u00fargicas m\u00e1s precisas y materiales de alta calidad permite obtener resultados funcionales muy satisfactorios en la mayor\u00eda de los casos.<\/p>\n\n\n\n<div style=\"background:#F7F9FC; border-left:5px solid #2E6FF2; padding:18px; border-radius:10px; margin:24px 0;\">\n    <p style=\"margin:0;\"><strong>Aspecto importante a considerar<\/strong><\/p>\n    <p style=\"margin:8px 0 0 0;\">La indicaci\u00f3n de una pr\u00f3tesis total suele realizarse cuando el dolor limita la vida diaria y otras opciones terap\u00e9uticas ya no ofrecen resultados suficientes.<\/p>\n  <\/div>\n\n\n\n<h2 class=\"wp-block-heading\">Precio de la operaci\u00f3n de pr\u00f3tesis total de cadera: \u00bfQu\u00e9 incluye el coste?<\/h2>\n\n\n\n<p>El precio de la pr\u00f3tesis total de cadera puede variar seg\u00fan m\u00faltiples factores cl\u00ednicos y hospitalarios. Cuando se solicita un presupuesto detallado, es recomendable comprobar que incluya los elementos fundamentales del proceso asistencial.<\/p>\n\n\n\n<ul class=\"wp-block-list\">\n<li><strong>Honorarios m\u00e9dicos:<\/strong>\u00a0cirujano principal, anestesista y equipo de apoyo.<\/li>\n\n\n\n<li><strong>Gastos hospitalarios:<\/strong>\u00a0uso de quir\u00f3fano, d\u00edas de ingreso y medicaci\u00f3n.<\/li>\n\n\n\n<li><strong>Tipo de implante:<\/strong>\u00a0los materiales como titanio, cer\u00e1mica o polietileno influyen en el presupuesto final.<\/li>\n\n\n\n<li><strong>Pruebas preoperatorias:<\/strong>\u00a0anal\u00edticas, radiograf\u00edas y valoraci\u00f3n cardiol\u00f3gica.<\/li>\n\n\n\n<li><strong>Seguimiento postoperatorio:<\/strong>\u00a0revisiones m\u00e9dicas y orientaci\u00f3n en la rehabilitaci\u00f3n.<\/li>\n<\/ul>\n\n\n\n<p>En el \u00e1mbito privado, el total precio de esta intervenci\u00f3n suele situarse entre <strong>8.000 \u20ac y 15.000 \u20ac<\/strong>, dependiendo del nivel de complejidad, los recursos necesarios y la calidad del implante seleccionado.<\/p>\n\n\n\n<h2 class=\"wp-block-heading\">Cirug\u00eda de cadera m\u00ednimamente invasiva: tecnolog\u00eda y precisi\u00f3n<\/h2>\n\n\n\n<p>Actualmente, muchos pacientes optan por t\u00e9cnicas de <em>cirug\u00eda m\u00ednimamente invasiva<\/em>, que permiten trabajar a trav\u00e9s de incisiones m\u00e1s peque\u00f1as y con menor agresi\u00f3n sobre los tejidos musculares. Este enfoque puede favorecer una recuperaci\u00f3n m\u00e1s r\u00e1pida y reducir ciertas molestias postoperatorias.<\/p>\n\n\n\n<ul class=\"wp-block-list\">\n<li><strong>Menor p\u00e9rdida de sangre<\/strong> durante la intervenci\u00f3n.<\/li>\n\n\n\n<li><strong>Cicatrices m\u00e1s discretas<\/strong> desde el punto de vista est\u00e9tico.<\/li>\n\n\n\n<li><strong>Reducci\u00f3n del dolor postoperatorio<\/strong> en algunos perfiles de paciente.<\/li>\n\n\n\n<li><strong>Inicio precoz de la movilizaci\u00f3n<\/strong> tras la cirug\u00eda.<\/li>\n<\/ul>\n\n\n\n<p>La elecci\u00f3n de la t\u00e9cnica depender\u00e1 siempre de la valoraci\u00f3n m\u00e9dica individual y de las caracter\u00edsticas de la articulaci\u00f3n.<\/p>\n\n\n<div class=\"wp-block-image\">\n<figure class=\"aligncenter size-full\"><img decoding=\"async\" width=\"768\" height=\"427\" loading=\"lazy\" src=\"https:\/\/operacionprotesisdecadera.es\/blog\/wp-content\/uploads\/2026\/03\/operacion-de-cadera-con-protesis.jpg\" alt=\"\" class=\"wp-image-208\"\/><\/figure>\n<\/div>\n\n\n<h2 class=\"wp-block-heading\">Recuperaci\u00f3n de la operaci\u00f3n de cadera: fases hacia la movilidad<\/h2>\n\n\n\n<p>Uno de los aspectos que m\u00e1s preocupa antes de la intervenci\u00f3n es el tiempo necesario para volver a una vida funcional. La recuperaci\u00f3n suele ser progresiva y requiere constancia en la rehabilitaci\u00f3n.<\/p>\n\n\n\n<ul class=\"wp-block-list\">\n<li><strong>Primeras 24-48 horas:<\/strong>\u00a0el paciente se levanta con ayuda de muletas o andador bajo supervisi\u00f3n m\u00e9dica.<\/li>\n\n\n\n<li><strong>Primer mes:<\/strong>\u00a0se inicia un programa de fisioterapia para fortalecer la musculatura y mejorar el equilibrio.<\/li>\n\n\n\n<li><strong>Entre 3 y 6 meses:<\/strong>\u00a0la mayor\u00eda de personas puede retomar actividades cotidianas con menos dolor y mayor estabilidad.<\/li>\n<\/ul>\n\n\n\n<p>El \u00e9xito de la recuperaci\u00f3n depende tanto de la <strong>experiencia del cirujano<\/strong> como del compromiso del paciente con los ejercicios y las pautas indicadas.<\/p>\n\n\n\n<div style=\"background:#EEF4FF; border-left:5px solid #5B7FFF; padding:18px; border-radius:10px; margin:24px 0;\">\n    <p style=\"margin:0;\"><strong>Consejo durante la rehabilitaci\u00f3n<\/strong><\/p>\n    <p style=\"margin:8px 0 0 0;\">Mantener un peso adecuado, utilizar calzado estable y evitar movimientos bruscos durante las primeras semanas ayuda a proteger la nueva articulaci\u00f3n.<\/p>\n  <\/div>\n\n\n\n<h2 class=\"wp-block-heading\">Preguntas frecuentes<\/h2>\n\n\n\n<p>A continuaci\u00f3n resolvemos algunas dudas habituales sobre la intervenci\u00f3n:<\/p>\n\n\n\n<h3 class=\"wp-block-heading\">\u00bfCu\u00e1nto tiempo suele durar la intervenci\u00f3n quir\u00fargica?<\/h3>\n\n\n\n<p>La cirug\u00eda de reemplazo total de cadera suele tener una duraci\u00f3n aproximada de entre 60 y 120 minutos. Este tiempo puede variar seg\u00fan la complejidad del caso, el estado de la articulaci\u00f3n y la t\u00e9cnica utilizada por el equipo m\u00e9dico.<\/p>\n\n\n\n<h3 class=\"wp-block-heading\">\u00bfCu\u00e1ndo se puede volver a dormir de lado tras la operaci\u00f3n?<\/h3>\n\n\n\n<p>En la mayor\u00eda de los casos, se recomienda esperar varias semanas antes de adoptar esta postura. El especialista indicar\u00e1 el momento adecuado seg\u00fan la evoluci\u00f3n de la recuperaci\u00f3n y la estabilidad de la nueva articulaci\u00f3n.<\/p>\n\n\n\n<h3 class=\"wp-block-heading\">\u00bfEs necesario utilizar ayudas para caminar durante mucho tiempo?<\/h3>\n\n\n\n<p>Normalmente se utilizan muletas o andador durante las primeras semanas para garantizar seguridad al caminar. A medida que mejora la fuerza muscular y el equilibrio, estas ayudas se retiran de forma progresiva.<\/p>\n\n\n\n<h3 class=\"wp-block-heading\">\u00bfInfluye el estilo de vida en la duraci\u00f3n de la pr\u00f3tesis?<\/h3>\n\n\n\n<p>Factores como el peso corporal, la actividad f\u00edsica o el cumplimiento de la rehabilitaci\u00f3n pueden influir en el desgaste del implante. Mantener h\u00e1bitos saludables ayuda a prolongar su vida \u00fatil y a mejorar los resultados funcionales.<\/p>\n\n\n\n<h2 class=\"wp-block-heading\">Invierte en tu salud y movilidad<\/h2>\n\n\n\n<p>La operaci\u00f3n de cadera con pr\u00f3tesis total representa una oportunidad para <strong>reducir el dolor y recuperar independencia<\/strong>. Aunque el precio es un factor relevante, comprender qu\u00e9 incluye el procedimiento y valorar la experiencia del equipo m\u00e9dico permite tomar decisiones m\u00e1s seguras. Apostar por un tratamiento bien planificado no solo mejora la movilidad, sino que tambi\u00e9n puede transformar la calidad de vida a largo plazo.<\/p>\n\n\n\n<script type=\"application\/ld+json\">\n{\n  \"@context\": \"https:\/\/schema.org\",\n  \"@type\": \"FAQPage\",\n  \"mainEntity\": [\n    {\n      \"@type\": \"Question\",\n      \"name\": \"\u00bfCu\u00e1nto tiempo suele durar la intervenci\u00f3n quir\u00fargica?\",\n      \"acceptedAnswer\": {\n        \"@type\": \"Answer\",\n        \"text\": \"La cirug\u00eda de reemplazo total de cadera suele tener una duraci\u00f3n aproximada de entre 60 y 120 minutos. Este tiempo puede variar seg\u00fan la complejidad del caso, el estado de la articulaci\u00f3n y la t\u00e9cnica utilizada por el equipo m\u00e9dico.\"\n      }\n    },\n    {\n      \"@type\": \"Question\",\n      \"name\": \"\u00bfCu\u00e1ndo se puede volver a dormir de lado tras la operaci\u00f3n?\",\n      \"acceptedAnswer\": {\n        \"@type\": \"Answer\",\n        \"text\": \"En la mayor\u00eda de los casos, se recomienda esperar varias semanas antes de adoptar esta postura. El especialista indicar\u00e1 el momento adecuado seg\u00fan la evoluci\u00f3n de la recuperaci\u00f3n y la estabilidad de la nueva articulaci\u00f3n.\"\n      }\n    },\n    {\n      \"@type\": \"Question\",\n      \"name\": \"\u00bfEs necesario utilizar ayudas para caminar durante mucho tiempo?\",\n      \"acceptedAnswer\": {\n        \"@type\": \"Answer\",\n        \"text\": \"Normalmente se utilizan muletas o andador durante las primeras semanas para garantizar seguridad al caminar. A medida que mejora la fuerza muscular y el equilibrio, estas ayudas se retiran de forma progresiva.\"\n      }\n    },\n    {\n      \"@type\": \"Question\",\n      \"name\": \"\u00bfInfluye el estilo de vida en la duraci\u00f3n de la pr\u00f3tesis?\",\n      \"acceptedAnswer\": {\n        \"@type\": \"Answer\",\n        \"text\": \"Factores como el peso corporal, la actividad f\u00edsica o el cumplimiento de la rehabilitaci\u00f3n pueden influir en el desgaste del implante. Mantener h\u00e1bitos saludables ayuda a prolongar su vida \u00fatil y a mejorar los resultados funcionales.\"\n      }\n    }\n  ]\n}\n<\/script>\n","protected":false},"excerpt":{"rendered":"<p>La operaci\u00f3n de pr\u00f3tesis total de cadera es un procedimiento quir\u00fargico indicado&hellip;<\/p>\n","protected":false},"author":1,"featured_media":206,"comment_status":"closed","ping_status":"closed","sticky":false,"template":"","format":"standard","meta":{"footnotes":""},"categories":[2],"tags":[],"class_list":["post-205","post","type-post","status-publish","format-standard","has-post-thumbnail","hentry","category-blog"],"yoast_head":"<!-- This site is optimized with the Yoast SEO plugin v28.3 - https:\/\/yoast.com\/product\/yoast-seo-wordpress\/ -->\n<title>Pr\u00f3tesis total de cadera: operaci\u00f3n, precio y aspectos clave<\/title>\n<meta name=\"description\" content=\"Valor aproximado de la operaci\u00f3n de pr\u00f3tesis total de cadera, factores que influyen en el coste del reemplazo articular y aspectos importantes antes de la intervenci\u00f3n.\" \/>\n<meta name=\"robots\" content=\"index, follow, max-snippet:-1, max-image-preview:large, max-video-preview:-1\" \/>\n<link rel=\"canonical\" href=\"https:\/\/operacionprotesisdecadera.es\/blog\/operacion-de-cadera-con-protesis-total-precio-y-aspectos-clave-del-reemplazo\/\" \/>\n<meta property=\"og:locale\" content=\"es_ES\" \/>\n<meta property=\"og:type\" content=\"article\" \/>\n<meta property=\"og:title\" content=\"Pr\u00f3tesis total de cadera: operaci\u00f3n, precio y aspectos clave\" \/>\n<meta property=\"og:description\" content=\"Valor aproximado de la operaci\u00f3n de pr\u00f3tesis total de cadera, factores que influyen en el coste del reemplazo articular y aspectos importantes antes de la intervenci\u00f3n.\" \/>\n<meta property=\"og:url\" content=\"https:\/\/operacionprotesisdecadera.es\/blog\/operacion-de-cadera-con-protesis-total-precio-y-aspectos-clave-del-reemplazo\/\" \/>\n<meta property=\"og:site_name\" content=\"Operacion protesis de cadera\" \/>\n<meta property=\"article:published_time\" content=\"2026-03-12T20:14:37+00:00\" \/>\n<meta property=\"article:modified_time\" content=\"2026-03-12T21:08:29+00:00\" \/>\n<meta property=\"og:image\" content=\"https:\/\/operacionprotesisdecadera.es\/blog\/wp-content\/uploads\/2026\/03\/operacion-cadera-coste-total.jpg\" \/>\n\t<meta property=\"og:image:width\" content=\"768\" \/>\n\t<meta property=\"og:image:height\" content=\"381\" \/>\n\t<meta property=\"og:image:type\" content=\"image\/jpeg\" \/>\n<meta name=\"author\" content=\"Sofia Martinez\" \/>\n<meta name=\"twitter:card\" content=\"summary_large_image\" \/>\n<meta name=\"twitter:label1\" content=\"Escrito por\" \/>\n\t<meta name=\"twitter:data1\" content=\"Sofia Martinez\" \/>\n\t<meta name=\"twitter:label2\" content=\"Tiempo de lectura\" \/>\n\t<meta name=\"twitter:data2\" content=\"5 minutos\" \/>\n<script type=\"application\/ld+json\" class=\"yoast-schema-graph\">{\"@context\":\"https:\\\/\\\/schema.org\",\"@graph\":[{\"@type\":\"Article\",\"@id\":\"https:\\\/\\\/operacionprotesisdecadera.es\\\/blog\\\/operacion-de-cadera-con-protesis-total-precio-y-aspectos-clave-del-reemplazo\\\/#article\",\"isPartOf\":{\"@id\":\"https:\\\/\\\/operacionprotesisdecadera.es\\\/blog\\\/operacion-de-cadera-con-protesis-total-precio-y-aspectos-clave-del-reemplazo\\\/\"},\"author\":{\"name\":\"Sofia Martinez\",\"@id\":\"https:\\\/\\\/operacionprotesisdecadera.es\\\/blog\\\/#\\\/schema\\\/person\\\/3d360f366081c3591ca3903fbe9db2fd\"},\"headline\":\"Operaci\u00f3n de cadera con pr\u00f3tesis total: precio y aspectos clave del reemplazo\",\"datePublished\":\"2026-03-12T20:14:37+00:00\",\"dateModified\":\"2026-03-12T21:08:29+00:00\",\"mainEntityOfPage\":{\"@id\":\"https:\\\/\\\/operacionprotesisdecadera.es\\\/blog\\\/operacion-de-cadera-con-protesis-total-precio-y-aspectos-clave-del-reemplazo\\\/\"},\"wordCount\":1016,\"image\":{\"@id\":\"https:\\\/\\\/operacionprotesisdecadera.es\\\/blog\\\/operacion-de-cadera-con-protesis-total-precio-y-aspectos-clave-del-reemplazo\\\/#primaryimage\"},\"thumbnailUrl\":\"https:\\\/\\\/operacionprotesisdecadera.es\\\/blog\\\/wp-content\\\/uploads\\\/2026\\\/03\\\/operacion-cadera-coste-total.jpg\",\"articleSection\":[\"blog\"],\"inLanguage\":\"es\"},{\"@type\":\"WebPage\",\"@id\":\"https:\\\/\\\/operacionprotesisdecadera.es\\\/blog\\\/operacion-de-cadera-con-protesis-total-precio-y-aspectos-clave-del-reemplazo\\\/\",\"url\":\"https:\\\/\\\/operacionprotesisdecadera.es\\\/blog\\\/operacion-de-cadera-con-protesis-total-precio-y-aspectos-clave-del-reemplazo\\\/\",\"name\":\"Pr\u00f3tesis total de cadera: operaci\u00f3n, precio y aspectos clave\",\"isPartOf\":{\"@id\":\"https:\\\/\\\/operacionprotesisdecadera.es\\\/blog\\\/#website\"},\"primaryImageOfPage\":{\"@id\":\"https:\\\/\\\/operacionprotesisdecadera.es\\\/blog\\\/operacion-de-cadera-con-protesis-total-precio-y-aspectos-clave-del-reemplazo\\\/#primaryimage\"},\"image\":{\"@id\":\"https:\\\/\\\/operacionprotesisdecadera.es\\\/blog\\\/operacion-de-cadera-con-protesis-total-precio-y-aspectos-clave-del-reemplazo\\\/#primaryimage\"},\"thumbnailUrl\":\"https:\\\/\\\/operacionprotesisdecadera.es\\\/blog\\\/wp-content\\\/uploads\\\/2026\\\/03\\\/operacion-cadera-coste-total.jpg\",\"datePublished\":\"2026-03-12T20:14:37+00:00\",\"dateModified\":\"2026-03-12T21:08:29+00:00\",\"author\":{\"@id\":\"https:\\\/\\\/operacionprotesisdecadera.es\\\/blog\\\/#\\\/schema\\\/person\\\/3d360f366081c3591ca3903fbe9db2fd\"},\"description\":\"Valor aproximado de la operaci\u00f3n de pr\u00f3tesis total de cadera, factores que influyen en el coste del reemplazo articular y aspectos importantes antes de la intervenci\u00f3n.\",\"breadcrumb\":{\"@id\":\"https:\\\/\\\/operacionprotesisdecadera.es\\\/blog\\\/operacion-de-cadera-con-protesis-total-precio-y-aspectos-clave-del-reemplazo\\\/#breadcrumb\"},\"inLanguage\":\"es\",\"potentialAction\":[{\"@type\":\"ReadAction\",\"target\":[\"https:\\\/\\\/operacionprotesisdecadera.es\\\/blog\\\/operacion-de-cadera-con-protesis-total-precio-y-aspectos-clave-del-reemplazo\\\/\"]}]},{\"@type\":\"ImageObject\",\"inLanguage\":\"es\",\"@id\":\"https:\\\/\\\/operacionprotesisdecadera.es\\\/blog\\\/operacion-de-cadera-con-protesis-total-precio-y-aspectos-clave-del-reemplazo\\\/#primaryimage\",\"url\":\"https:\\\/\\\/operacionprotesisdecadera.es\\\/blog\\\/wp-content\\\/uploads\\\/2026\\\/03\\\/operacion-cadera-coste-total.jpg\",\"contentUrl\":\"https:\\\/\\\/operacionprotesisdecadera.es\\\/blog\\\/wp-content\\\/uploads\\\/2026\\\/03\\\/operacion-cadera-coste-total.jpg\",\"width\":768,\"height\":381,\"caption\":\"operaci\u00f3n de cadera coste orientativo\"},{\"@type\":\"WebSite\",\"@id\":\"https:\\\/\\\/operacionprotesisdecadera.es\\\/blog\\\/#website\",\"url\":\"https:\\\/\\\/operacionprotesisdecadera.es\\\/blog\\\/\",\"name\":\"Operacion protesis de cadera\",\"description\":\"peracion protesis de cadera\",\"potentialAction\":[{\"@type\":\"SearchAction\",\"target\":{\"@type\":\"EntryPoint\",\"urlTemplate\":\"https:\\\/\\\/operacionprotesisdecadera.es\\\/blog\\\/?s={search_term_string}\"},\"query-input\":{\"@type\":\"PropertyValueSpecification\",\"valueRequired\":true,\"valueName\":\"search_term_string\"}}],\"inLanguage\":\"es\"},{\"@type\":\"Person\",\"@id\":\"https:\\\/\\\/operacionprotesisdecadera.es\\\/blog\\\/#\\\/schema\\\/person\\\/3d360f366081c3591ca3903fbe9db2fd\",\"name\":\"Sofia Martinez\",\"image\":{\"@type\":\"ImageObject\",\"inLanguage\":\"es\",\"@id\":\"https:\\\/\\\/operacionprotesisdecadera.es\\\/blog\\\/wp-content\\\/uploads\\\/2026\\\/02\\\/dra--sofia-mendez-150x150.webp\",\"url\":\"https:\\\/\\\/operacionprotesisdecadera.es\\\/blog\\\/wp-content\\\/uploads\\\/2026\\\/02\\\/dra--sofia-mendez-150x150.webp\",\"contentUrl\":\"https:\\\/\\\/operacionprotesisdecadera.es\\\/blog\\\/wp-content\\\/uploads\\\/2026\\\/02\\\/dra--sofia-mendez-150x150.webp\",\"caption\":\"Sofia Martinez\"},\"sameAs\":[\"https:\\\/\\\/operacionprotesisdecadera.es\\\/blog\"]}]}<\/script>\n<!-- \/ Yoast SEO plugin. -->","yoast_head_json":{"title":"Pr\u00f3tesis total de cadera: operaci\u00f3n, precio y aspectos clave","description":"Valor aproximado de la operaci\u00f3n de pr\u00f3tesis total de cadera, factores que influyen en el coste del reemplazo articular y aspectos importantes antes de la intervenci\u00f3n.","robots":{"index":"index","follow":"follow","max-snippet":"max-snippet:-1","max-image-preview":"max-image-preview:large","max-video-preview":"max-video-preview:-1"},"canonical":"https:\/\/operacionprotesisdecadera.es\/blog\/operacion-de-cadera-con-protesis-total-precio-y-aspectos-clave-del-reemplazo\/","og_locale":"es_ES","og_type":"article","og_title":"Pr\u00f3tesis total de cadera: operaci\u00f3n, precio y aspectos clave","og_description":"Valor aproximado de la operaci\u00f3n de pr\u00f3tesis total de cadera, factores que influyen en el coste del reemplazo articular y aspectos importantes antes de la intervenci\u00f3n.","og_url":"https:\/\/operacionprotesisdecadera.es\/blog\/operacion-de-cadera-con-protesis-total-precio-y-aspectos-clave-del-reemplazo\/","og_site_name":"Operacion protesis de cadera","article_published_time":"2026-03-12T20:14:37+00:00","article_modified_time":"2026-03-12T21:08:29+00:00","og_image":[{"width":768,"height":381,"url":"https:\/\/operacionprotesisdecadera.es\/blog\/wp-content\/uploads\/2026\/03\/operacion-cadera-coste-total.jpg","type":"image\/jpeg"}],"author":"Sofia Martinez","twitter_card":"summary_large_image","twitter_misc":{"Escrito por":"Sofia Martinez","Tiempo de lectura":"5 minutos"},"schema":{"@context":"https:\/\/schema.org","@graph":[{"@type":"Article","@id":"https:\/\/operacionprotesisdecadera.es\/blog\/operacion-de-cadera-con-protesis-total-precio-y-aspectos-clave-del-reemplazo\/#article","isPartOf":{"@id":"https:\/\/operacionprotesisdecadera.es\/blog\/operacion-de-cadera-con-protesis-total-precio-y-aspectos-clave-del-reemplazo\/"},"author":{"name":"Sofia Martinez","@id":"https:\/\/operacionprotesisdecadera.es\/blog\/#\/schema\/person\/3d360f366081c3591ca3903fbe9db2fd"},"headline":"Operaci\u00f3n de cadera con pr\u00f3tesis total: precio y aspectos clave del reemplazo","datePublished":"2026-03-12T20:14:37+00:00","dateModified":"2026-03-12T21:08:29+00:00","mainEntityOfPage":{"@id":"https:\/\/operacionprotesisdecadera.es\/blog\/operacion-de-cadera-con-protesis-total-precio-y-aspectos-clave-del-reemplazo\/"},"wordCount":1016,"image":{"@id":"https:\/\/operacionprotesisdecadera.es\/blog\/operacion-de-cadera-con-protesis-total-precio-y-aspectos-clave-del-reemplazo\/#primaryimage"},"thumbnailUrl":"https:\/\/operacionprotesisdecadera.es\/blog\/wp-content\/uploads\/2026\/03\/operacion-cadera-coste-total.jpg","articleSection":["blog"],"inLanguage":"es"},{"@type":"WebPage","@id":"https:\/\/operacionprotesisdecadera.es\/blog\/operacion-de-cadera-con-protesis-total-precio-y-aspectos-clave-del-reemplazo\/","url":"https:\/\/operacionprotesisdecadera.es\/blog\/operacion-de-cadera-con-protesis-total-precio-y-aspectos-clave-del-reemplazo\/","name":"Pr\u00f3tesis total de cadera: operaci\u00f3n, precio y aspectos clave","isPartOf":{"@id":"https:\/\/operacionprotesisdecadera.es\/blog\/#website"},"primaryImageOfPage":{"@id":"https:\/\/operacionprotesisdecadera.es\/blog\/operacion-de-cadera-con-protesis-total-precio-y-aspectos-clave-del-reemplazo\/#primaryimage"},"image":{"@id":"https:\/\/operacionprotesisdecadera.es\/blog\/operacion-de-cadera-con-protesis-total-precio-y-aspectos-clave-del-reemplazo\/#primaryimage"},"thumbnailUrl":"https:\/\/operacionprotesisdecadera.es\/blog\/wp-content\/uploads\/2026\/03\/operacion-cadera-coste-total.jpg","datePublished":"2026-03-12T20:14:37+00:00","dateModified":"2026-03-12T21:08:29+00:00","author":{"@id":"https:\/\/operacionprotesisdecadera.es\/blog\/#\/schema\/person\/3d360f366081c3591ca3903fbe9db2fd"},"description":"Valor aproximado de la operaci\u00f3n de pr\u00f3tesis total de cadera, factores que influyen en el coste del reemplazo articular y aspectos importantes antes de la intervenci\u00f3n.","breadcrumb":{"@id":"https:\/\/operacionprotesisdecadera.es\/blog\/operacion-de-cadera-con-protesis-total-precio-y-aspectos-clave-del-reemplazo\/#breadcrumb"},"inLanguage":"es","potentialAction":[{"@type":"ReadAction","target":["https:\/\/operacionprotesisdecadera.es\/blog\/operacion-de-cadera-con-protesis-total-precio-y-aspectos-clave-del-reemplazo\/"]}]},{"@type":"ImageObject","inLanguage":"es","@id":"https:\/\/operacionprotesisdecadera.es\/blog\/operacion-de-cadera-con-protesis-total-precio-y-aspectos-clave-del-reemplazo\/#primaryimage","url":"https:\/\/operacionprotesisdecadera.es\/blog\/wp-content\/uploads\/2026\/03\/operacion-cadera-coste-total.jpg","contentUrl":"https:\/\/operacionprotesisdecadera.es\/blog\/wp-content\/uploads\/2026\/03\/operacion-cadera-coste-total.jpg","width":768,"height":381,"caption":"operaci\u00f3n de cadera coste orientativo"},{"@type":"WebSite","@id":"https:\/\/operacionprotesisdecadera.es\/blog\/#website","url":"https:\/\/operacionprotesisdecadera.es\/blog\/","name":"Operacion protesis de cadera","description":"peracion protesis de cadera","potentialAction":[{"@type":"SearchAction","target":{"@type":"EntryPoint","urlTemplate":"https:\/\/operacionprotesisdecadera.es\/blog\/?s={search_term_string}"},"query-input":{"@type":"PropertyValueSpecification","valueRequired":true,"valueName":"search_term_string"}}],"inLanguage":"es"},{"@type":"Person","@id":"https:\/\/operacionprotesisdecadera.es\/blog\/#\/schema\/person\/3d360f366081c3591ca3903fbe9db2fd","name":"Sofia Martinez","image":{"@type":"ImageObject","inLanguage":"es","@id":"https:\/\/operacionprotesisdecadera.es\/blog\/wp-content\/uploads\/2026\/02\/dra--sofia-mendez-150x150.webp","url":"https:\/\/operacionprotesisdecadera.es\/blog\/wp-content\/uploads\/2026\/02\/dra--sofia-mendez-150x150.webp","contentUrl":"https:\/\/operacionprotesisdecadera.es\/blog\/wp-content\/uploads\/2026\/02\/dra--sofia-mendez-150x150.webp","caption":"Sofia Martinez"},"sameAs":["https:\/\/operacionprotesisdecadera.es\/blog"]}]}},"_links":{"self":[{"href":"https:\/\/operacionprotesisdecadera.es\/blog\/wp-json\/wp\/v2\/posts\/205","targetHints":{"allow":["GET"]}}],"collection":[{"href":"https:\/\/operacionprotesisdecadera.es\/blog\/wp-json\/wp\/v2\/posts"}],"about":[{"href":"https:\/\/operacionprotesisdecadera.es\/blog\/wp-json\/wp\/v2\/types\/post"}],"author":[{"embeddable":true,"href":"https:\/\/operacionprotesisdecadera.es\/blog\/wp-json\/wp\/v2\/users\/1"}],"replies":[{"embeddable":true,"href":"https:\/\/operacionprotesisdecadera.es\/blog\/wp-json\/wp\/v2\/comments?post=205"}],"version-history":[{"count":2,"href":"https:\/\/operacionprotesisdecadera.es\/blog\/wp-json\/wp\/v2\/posts\/205\/revisions"}],"predecessor-version":[{"id":209,"href":"https:\/\/operacionprotesisdecadera.es\/blog\/wp-json\/wp\/v2\/posts\/205\/revisions\/209"}],"wp:featuredmedia":[{"embeddable":true,"href":"https:\/\/operacionprotesisdecadera.es\/blog\/wp-json\/wp\/v2\/media\/206"}],"wp:attachment":[{"href":"https:\/\/operacionprotesisdecadera.es\/blog\/wp-json\/wp\/v2\/media?parent=205"}],"wp:term":[{"taxonomy":"category","embeddable":true,"href":"https:\/\/operacionprotesisdecadera.es\/blog\/wp-json\/wp\/v2\/categories?post=205"},{"taxonomy":"post_tag","embeddable":true,"href":"https:\/\/operacionprotesisdecadera.es\/blog\/wp-json\/wp\/v2\/tags?post=205"}],"curies":[{"name":"wp","href":"https:\/\/api.w.org\/{rel}","templated":true}]}}