{"id":199,"date":"2026-03-12T20:31:54","date_gmt":"2026-03-12T19:31:54","guid":{"rendered":"https:\/\/operacionprotesisdecadera.es\/blog\/?p=199"},"modified":"2026-03-12T20:33:10","modified_gmt":"2026-03-12T19:33:10","slug":"operacion-de-cadera-con-protesis-y-su-precio-aproximado","status":"publish","type":"post","link":"https:\/\/operacionprotesisdecadera.es\/blog\/operacion-de-cadera-con-protesis-y-su-precio-aproximado\/","title":{"rendered":"Operaci\u00f3n de cadera con pr\u00f3tesis y su precio aproximado"},"content":{"rendered":"\n<p>Cuando el dolor de cadera se vuelve constante y limita acciones tan b\u00e1sicas como caminar, sentarse con normalidad o descansar bien, muchas personas empiezan a valorar la cirug\u00eda como una opci\u00f3n real para <strong>recuperar la calidad de vida<\/strong>. En ese momento, adem\u00e1s de resolver dudas m\u00e9dicas, tambi\u00e9n surge una pregunta muy concreta: que precio tendr\u00e1 la intervenci\u00f3n y qu\u00e9 factores explican esa cifra.<\/p>\n\n\n\n<p>Antes de tomar una decisi\u00f3n, muchas personas desean conocer el precio aproximado de la intervenci\u00f3n. En una cirug\u00eda de cadera, el coste puede variar seg\u00fan el tipo de pr\u00f3tesis, la complejidad quir\u00fargica o los servicios incluidos, por lo que comprender estos factores ayuda a valorar mejor el tratamiento.<\/p>\n\n\n\n<h2 class=\"wp-block-heading\">Operaci\u00f3n de cadera con pr\u00f3tesis precio en Espa\u00f1a<\/h2>\n\n\n\n<p>En Espa\u00f1a, el coste de esta intervenci\u00f3n puede variar seg\u00fan el tipo de implante, la complejidad del caso, el <strong>tiempo de ingreso, las pruebas necesarias y el seguimiento posterior<\/strong>. Esto explica por qu\u00e9 dos presupuestos pueden ser diferentes incluso cuando ambos se refieren al mismo procedimiento.<\/p>\n\n\n\n<p>El coste de la intervenci\u00f3n puede generar muchas dudas, especialmente cuando se intenta entender cu\u00e1nto cuesta una operaci\u00f3n de pr\u00f3tesis de cadera o qu\u00e9 incluye realmente el presupuesto. Analizar estos aspectos con detalle permite comparar opciones con mayor seguridad y evitar decisiones basadas \u00fanicamente en una cifra orientativa.<\/p>\n\n\n\n<h2 class=\"wp-block-heading\">Qu\u00e9 incluye normalmente el precio de la intervenci\u00f3n<\/h2>\n\n\n\n<p>El valor econ\u00f3mico de esta cirug\u00eda no se limita al acto quir\u00fargico. En la mayor\u00eda de los casos, el presupuesto integra varios servicios que forman parte del proceso completo y que conviene revisar con detalle antes de aceptarlo.<\/p>\n\n\n\n<ul class=\"wp-block-list\">\n<li><strong>Honorarios m\u00e9dicos:<\/strong>&nbsp;cirujano principal, ayudantes, anestesista y coordinaci\u00f3n del procedimiento.<\/li>\n\n\n\n<li><strong>Uso de quir\u00f3fano:<\/strong>&nbsp;instalaciones, material t\u00e9cnico, instrumental y personal de apoyo.<\/li>\n\n\n\n<li><strong>Hospitalizaci\u00f3n:<\/strong>&nbsp;estancia, cuidados de enfermer\u00eda, medicaci\u00f3n y control postoperatorio inicial.<\/li>\n\n\n\n<li><strong>Pruebas diagn\u00f3sticas:<\/strong>&nbsp;anal\u00edticas, radiograf\u00edas, valoraci\u00f3n preoperatoria y revisiones posteriores.<\/li>\n<\/ul>\n\n\n\n<p>Comprender este desglose ayuda a evitar comparaciones superficiales. A veces un presupuesto m\u00e1s bajo no incluye el mismo nivel de seguimiento, los mismos materiales o la misma cobertura durante el postoperatorio.<\/p>\n\n\n\n<h2 class=\"wp-block-heading\">Factores que pueden aumentar o reducir el presupuesto<\/h2>\n\n\n\n<p>M\u00e1s all\u00e1 de la intervenci\u00f3n en s\u00ed, existen varios elementos que condicionan el precio final. Analizarlos permite entender por qu\u00e9 la cantidad cambia de un caso a otro y por qu\u00e9 el presupuesto debe interpretarse siempre dentro del contexto cl\u00ednico del paciente.<\/p>\n\n\n\n<ul class=\"wp-block-list\">\n<li><strong>Complejidad del caso:<\/strong>&nbsp;una articulaci\u00f3n m\u00e1s deteriorada o una cirug\u00eda t\u00e9cnicamente m\u00e1s exigente puede requerir m\u00e1s recursos.<\/li>\n\n\n\n<li><strong>Duraci\u00f3n de la intervenci\u00f3n:<\/strong>&nbsp;procedimientos m\u00e1s largos implican mayor uso de quir\u00f3fano y soporte asistencial.<\/li>\n\n\n\n<li><strong>D\u00edas de ingreso:<\/strong>&nbsp;el tiempo de hospitalizaci\u00f3n influye directamente en el coste global.<\/li>\n\n\n\n<li><strong>Tipo de t\u00e9cnica utilizada:<\/strong>&nbsp;determinados abordajes o tecnolog\u00edas pueden modificar el presupuesto.<\/li>\n\n\n\n<li><strong>Seguimiento posterior:<\/strong>&nbsp;las revisiones, controles y orientaci\u00f3n tras la cirug\u00eda tambi\u00e9n aportan valor al tratamiento.<\/li>\n<\/ul>\n\n\n\n<p>Cuando se analiza una propuesta econ\u00f3mica, conviene revisar no solo la cifra final, sino tambi\u00e9n <em>la calidad del acompa\u00f1amiento cl\u00ednico, la claridad del documento y el nivel de personalizaci\u00f3n del tratamiento<\/em>.<\/p>\n\n\n\n<h3 class=\"wp-block-heading\">Tipos de implantes y materiales<\/h3>\n\n\n\n<p>Uno de los apartados m\u00e1s determinantes es el implante. El precio de pr\u00f3tesis de cadera total puede cambiar seg\u00fan los materiales empleados, su durabilidad y su capacidad de adaptaci\u00f3n biomec\u00e1nica. Esta diferencia influye tanto en el presupuesto como en las <strong>expectativas funcionales a largo plazo<\/strong>.<\/p>\n\n\n\n<ul class=\"wp-block-list\">\n<li><strong>Titanio:<\/strong>&nbsp;ofrece una gran resistencia y una integraci\u00f3n \u00f3sea muy valorada en este tipo de cirug\u00eda.<\/li>\n\n\n\n<li><strong>Cer\u00e1mica:<\/strong>&nbsp;reduce el desgaste y puede favorecer un movimiento articular m\u00e1s suave.<\/li>\n\n\n\n<li><strong>Polietileno de alta densidad:<\/strong>&nbsp;es una opci\u00f3n frecuente por su equilibrio entre rendimiento y coste.<\/li>\n<\/ul>\n\n\n\n<p>Seleccionar un implante de mayor calidad puede implicar una inversi\u00f3n inicial m\u00e1s alta, pero tambi\u00e9n puede aportar <strong>m\u00e1s durabilidad, mayor estabilidad y mejores resultados funcionales<\/strong> con el paso del tiempo.<\/p>\n\n\n\n<div style=\"background:#F7F9FC; border:1px solid #D9E2F0; border-left:5px solid #2F5FE3; padding:18px 20px; border-radius:10px; margin:26px 0;\">\n    <p style=\"margin:0 0 8px 0;\"><strong>Un aspecto que conviene valorar con calma<\/strong><\/p>\n    <p style=\"margin:0;\">Antes de aceptar cualquier presupuesto, resulta aconsejable comprobar qu\u00e9 tipo de pr\u00f3tesis se va a utilizar, qu\u00e9 revisiones incluye el proceso y qu\u00e9 experiencia tiene el equipo en este tipo de intervenciones. Esa informaci\u00f3n ayuda a tomar decisiones mejor fundamentadas.<\/p>\n  <\/div>\n\n\n\n<h2 class=\"wp-block-heading\">Precio orientativo seg\u00fan el tipo de procedimiento<\/h2>\n\n\n\n<p>Estas cifras son aproximadas y sirven como referencia general para entender c\u00f3mo puede variar el coste. El importe definitivo depender\u00e1 siempre de la valoraci\u00f3n m\u00e9dica, del estado de la articulaci\u00f3n y de las necesidades espec\u00edficas de cada paciente.<\/p>\n\n\n\n<figure class=\"wp-block-table\"><table class=\"has-fixed-layout\"><thead><tr><th class=\"has-text-align-left\" data-align=\"left\">Tipo de procedimiento<\/th><th class=\"has-text-align-left\" data-align=\"left\">Precio orientativo<\/th><th class=\"has-text-align-left\" data-align=\"left\">Qu\u00e9 puede influir<\/th><\/tr><\/thead><tbody><tr><td>Intervenci\u00f3n con pr\u00f3tesis est\u00e1ndar<\/td><td>8.000 \u20ac \u2013 10.500 \u20ac<\/td><td>Implante b\u00e1sico, duraci\u00f3n quir\u00fargica y seguimiento inicial<\/td><\/tr><tr><td>Reemplazo con implante de gama superior<\/td><td>10.500 \u20ac \u2013 13.000 \u20ac<\/td><td>Calidad del material, revisiones y recursos asociados<\/td><\/tr><tr><td>Procedimiento de mayor complejidad<\/td><td>13.000 \u20ac \u2013 15.000 \u20ac o m\u00e1s<\/td><td>Complejidad cl\u00ednica, duraci\u00f3n y necesidades asistenciales a\u00f1adidas<\/td><\/tr><\/tbody><\/table><\/figure>\n\n\n\n<p>Esta comparativa es especialmente \u00fatil para quienes buscan una referencia r\u00e1pida antes de solicitar una valoraci\u00f3n individual, aunque siempre debe interpretarse como una orientaci\u00f3n y no como un precio cerrado.<\/p>\n\n\n\n<h2 class=\"wp-block-heading\">C\u00f3mo comparar dos presupuestos sin fijarse solo en la cifra final<\/h2>\n\n\n\n<p>Una de las decisiones m\u00e1s importantes no consiste solo en elegir el presupuesto m\u00e1s bajo, sino en entender qu\u00e9 contiene cada propuesta. Comparar de forma inteligente implica revisar elementos que a veces pasan desapercibidos, pero que marcan la diferencia en la experiencia del paciente.<\/p>\n\n\n\n<ul class=\"wp-block-list\">\n<li><strong>Qu\u00e9 incluye exactamente el presupuesto:<\/strong>&nbsp;cirug\u00eda, ingreso, pruebas, revisiones o posibles extras.<\/li>\n\n\n\n<li><strong>Tipo de pr\u00f3tesis presupuestada:<\/strong>&nbsp;materiales, calidad y caracter\u00edsticas t\u00e9cnicas.<\/li>\n\n\n\n<li><strong>Seguimiento postoperatorio:<\/strong>&nbsp;controles m\u00e9dicos, orientaci\u00f3n y acompa\u00f1amiento tras la intervenci\u00f3n.<\/li>\n\n\n\n<li><strong>Claridad del documento:<\/strong>&nbsp;un presupuesto bien desglosado transmite m\u00e1s confianza y reduce incertidumbres.<\/li>\n<\/ul>\n\n\n\n<p>Desde una perspectiva pr\u00e1ctica, comparar presupuestos de este modo permite valorar no solo el coste, sino tambi\u00e9n la <em>seguridad, la previsi\u00f3n y la tranquilidad<\/em> que ofrece cada opci\u00f3n.<\/p>\n\n\n\n<h2 class=\"wp-block-heading\">Pasos para obtener un presupuesto detallado<\/h2>\n\n\n\n<p>La mejor manera de conocer el coste real en un caso concreto es acudir a una consulta de valoraci\u00f3n. Esa primera visita permite estudiar el problema con precisi\u00f3n, revisar pruebas m\u00e9dicas y plantear una propuesta ajustada a las necesidades reales del paciente.<\/p>\n\n\n\n<ol class=\"wp-block-list\">\n<li><strong>Valoraci\u00f3n m\u00e9dica inicial:<\/strong>&nbsp;exploraci\u00f3n, antecedentes y an\u00e1lisis del estado de la articulaci\u00f3n.<\/li>\n\n\n\n<li><strong>Revisi\u00f3n de pruebas diagn\u00f3sticas:<\/strong>&nbsp;radiograf\u00edas, anal\u00edticas u otros estudios necesarios para planificar la cirug\u00eda.<\/li>\n\n\n\n<li><strong>Definici\u00f3n del procedimiento:<\/strong>&nbsp;tipo de implante, t\u00e9cnica y previsi\u00f3n de recuperaci\u00f3n.<\/li>\n\n\n\n<li><strong>Entrega del presupuesto:<\/strong>&nbsp;detalle econ\u00f3mico del tratamiento y de los servicios incluidos.<\/li>\n<\/ol>\n\n\n\n<p>Si deseas comprender mejor en qu\u00e9 consiste la intervenci\u00f3n y c\u00f3mo se planifica el procedimiento, puedes ampliar informaci\u00f3n sobre la <a href=\"https:\/\/operacionprotesisdecadera.es\/\">operaci\u00f3n pr\u00f3tesis de cadera<\/a> y los aspectos que influyen en la <strong>recuperaci\u00f3n y los resultados funcionales<\/strong>.<\/p>\n\n\n\n<h2 class=\"wp-block-heading\">Preguntas frecuentes (FAQ)<\/h2>\n\n\n\n<p>Estas dudas suelen aparecer antes de solicitar una cita y ayudan a interpretar mejor el alcance real del tratamiento:<\/p>\n\n\n\n<h3 class=\"wp-block-heading\">\u00bfQu\u00e9 suele incluir el presupuesto de la intervenci\u00f3n?<\/h3>\n\n\n\n<p>En muchos casos incluye honorarios m\u00e9dicos, quir\u00f3fano, hospitalizaci\u00f3n y controles iniciales. Aun as\u00ed, siempre conviene confirmar por escrito qu\u00e9 revisiones, pruebas o materiales forman parte de la propuesta.<\/p>\n\n\n\n<h3 class=\"wp-block-heading\">\u00bfEl tipo de pr\u00f3tesis influye mucho en el precio?<\/h3>\n\n\n\n<p>S\u00ed. El material, la tecnolog\u00eda y la durabilidad del implante pueden modificar de forma notable el presupuesto final, por lo que es uno de los aspectos m\u00e1s importantes a revisar.<\/p>\n\n\n\n<h3 class=\"wp-block-heading\">\u00bfPor qu\u00e9 dos presupuestos pueden ser tan diferentes?<\/h3>\n\n\n\n<p>Las diferencias suelen deberse al tipo de implante, a la complejidad del caso, al nivel de seguimiento postoperatorio y al detalle de los servicios incluidos en cada propuesta.<\/p>\n\n\n\n<h3 class=\"wp-block-heading\">\u00bfLa rehabilitaci\u00f3n est\u00e1 siempre incluida?<\/h3>\n\n\n\n<p>No necesariamente. Algunos presupuestos integran parte del seguimiento inicial, mientras que otros separan la rehabilitaci\u00f3n o la fisioterapia del coste principal de la intervenci\u00f3n.<\/p>\n\n\n\n<p>Entender qu\u00e9 influye en el precio de una operaci\u00f3n de cadera con pr\u00f3tesis permite valorar el tratamiento con una visi\u00f3n m\u00e1s completa y menos centrada \u00fanicamente en la cifra final. La calidad del implante, la experiencia del equipo, el alcance del seguimiento y la transparencia del presupuesto son aspectos decisivos a la hora de elegir. Cuando el dolor limita la vida diaria, contar con informaci\u00f3n clara y una valoraci\u00f3n profesional puede ser el primer paso para <strong>planificar la intervenci\u00f3n<\/strong> con mayor confianza y seguridad.<\/p>\n\n\n\n<script type=\"application\/ld+json\">\n{\n  \"@context\": \"https:\/\/schema.org\",\n  \"@type\": \"FAQPage\",\n  \"mainEntity\": [\n    {\n      \"@type\": \"Question\",\n      \"name\": \"\u00bfQu\u00e9 suele incluir el presupuesto de la intervenci\u00f3n?\",\n      \"acceptedAnswer\": {\n        \"@type\": \"Answer\",\n        \"text\": \"En muchos casos incluye honorarios m\u00e9dicos, quir\u00f3fano, hospitalizaci\u00f3n y controles iniciales. Aun as\u00ed, siempre conviene confirmar por escrito qu\u00e9 revisiones, pruebas o materiales forman parte de la propuesta.\"\n      }\n    },\n    {\n      \"@type\": \"Question\",\n      \"name\": \"\u00bfEl tipo de pr\u00f3tesis influye mucho en el precio?\",\n      \"acceptedAnswer\": {\n        \"@type\": \"Answer\",\n        \"text\": \"S\u00ed. El material, la tecnolog\u00eda y la durabilidad del implante pueden modificar de forma notable el presupuesto final, por lo que es uno de los aspectos m\u00e1s importantes a revisar.\"\n      }\n    },\n    {\n      \"@type\": \"Question\",\n      \"name\": \"\u00bfPor qu\u00e9 dos presupuestos pueden ser tan diferentes?\",\n      \"acceptedAnswer\": {\n        \"@type\": \"Answer\",\n        \"text\": \"Las diferencias suelen deberse al tipo de implante, a la complejidad del caso, al nivel de seguimiento postoperatorio y al detalle de los servicios incluidos en cada propuesta.\"\n      }\n    },\n    {\n      \"@type\": \"Question\",\n      \"name\": \"\u00bfLa rehabilitaci\u00f3n est\u00e1 siempre incluida?\",\n      \"acceptedAnswer\": {\n        \"@type\": \"Answer\",\n        \"text\": \"No necesariamente. Algunos presupuestos integran parte del seguimiento inicial, mientras que otros separan la rehabilitaci\u00f3n o la fisioterapia del coste principal de la intervenci\u00f3n.\"\n      }\n    }\n  ]\n}\n<\/script>\n","protected":false},"excerpt":{"rendered":"<p>Cuando el dolor de cadera se vuelve constante y limita acciones tan&hellip;<\/p>\n","protected":false},"author":1,"featured_media":200,"comment_status":"closed","ping_status":"closed","sticky":false,"template":"","format":"standard","meta":{"footnotes":""},"categories":[2],"tags":[],"class_list":["post-199","post","type-post","status-publish","format-standard","has-post-thumbnail","hentry","category-blog"],"yoast_head":"<!-- This site is optimized with the Yoast SEO plugin v28.3 - https:\/\/yoast.com\/product\/yoast-seo-wordpress\/ -->\n<title>Precio de operaci\u00f3n de cadera con pr\u00f3tesis y coste estimado<\/title>\n<meta name=\"description\" content=\"Coste estimado de la operaci\u00f3n de cadera con pr\u00f3tesis, qu\u00e9 incluye el procedimiento quir\u00fargico y variables que pueden modificar el presupuesto final.\" \/>\n<meta name=\"robots\" content=\"index, follow, max-snippet:-1, max-image-preview:large, max-video-preview:-1\" \/>\n<link rel=\"canonical\" href=\"https:\/\/operacionprotesisdecadera.es\/blog\/operacion-de-cadera-con-protesis-y-su-precio-aproximado\/\" \/>\n<meta property=\"og:locale\" content=\"es_ES\" \/>\n<meta property=\"og:type\" content=\"article\" \/>\n<meta property=\"og:title\" content=\"Precio de operaci\u00f3n de cadera con pr\u00f3tesis y coste estimado\" \/>\n<meta property=\"og:description\" content=\"Coste estimado de la operaci\u00f3n de cadera con pr\u00f3tesis, qu\u00e9 incluye el procedimiento quir\u00fargico y variables que pueden modificar el presupuesto final.\" \/>\n<meta property=\"og:url\" content=\"https:\/\/operacionprotesisdecadera.es\/blog\/operacion-de-cadera-con-protesis-y-su-precio-aproximado\/\" \/>\n<meta property=\"og:site_name\" content=\"Operacion protesis de cadera\" \/>\n<meta property=\"article:published_time\" content=\"2026-03-12T19:31:54+00:00\" \/>\n<meta property=\"article:modified_time\" content=\"2026-03-12T19:33:10+00:00\" \/>\n<meta property=\"og:image\" content=\"https:\/\/operacionprotesisdecadera.es\/blog\/wp-content\/uploads\/2026\/03\/cuanto-cuesta-operacion-protesis-de-cadera.jpg\" \/>\n\t<meta property=\"og:image:width\" content=\"768\" \/>\n\t<meta property=\"og:image:height\" content=\"427\" \/>\n\t<meta property=\"og:image:type\" content=\"image\/jpeg\" \/>\n<meta name=\"author\" content=\"Sofia Martinez\" \/>\n<meta name=\"twitter:card\" content=\"summary_large_image\" \/>\n<meta name=\"twitter:label1\" content=\"Escrito por\" \/>\n\t<meta name=\"twitter:data1\" content=\"Sofia Martinez\" \/>\n\t<meta name=\"twitter:label2\" content=\"Tiempo de lectura\" \/>\n\t<meta name=\"twitter:data2\" content=\"7 minutos\" \/>\n<script type=\"application\/ld+json\" class=\"yoast-schema-graph\">{\"@context\":\"https:\\\/\\\/schema.org\",\"@graph\":[{\"@type\":\"Article\",\"@id\":\"https:\\\/\\\/operacionprotesisdecadera.es\\\/blog\\\/operacion-de-cadera-con-protesis-y-su-precio-aproximado\\\/#article\",\"isPartOf\":{\"@id\":\"https:\\\/\\\/operacionprotesisdecadera.es\\\/blog\\\/operacion-de-cadera-con-protesis-y-su-precio-aproximado\\\/\"},\"author\":{\"name\":\"Sofia Martinez\",\"@id\":\"https:\\\/\\\/operacionprotesisdecadera.es\\\/blog\\\/#\\\/schema\\\/person\\\/3d360f366081c3591ca3903fbe9db2fd\"},\"headline\":\"Operaci\u00f3n de cadera con pr\u00f3tesis y su precio aproximado\",\"datePublished\":\"2026-03-12T19:31:54+00:00\",\"dateModified\":\"2026-03-12T19:33:10+00:00\",\"mainEntityOfPage\":{\"@id\":\"https:\\\/\\\/operacionprotesisdecadera.es\\\/blog\\\/operacion-de-cadera-con-protesis-y-su-precio-aproximado\\\/\"},\"wordCount\":1467,\"image\":{\"@id\":\"https:\\\/\\\/operacionprotesisdecadera.es\\\/blog\\\/operacion-de-cadera-con-protesis-y-su-precio-aproximado\\\/#primaryimage\"},\"thumbnailUrl\":\"https:\\\/\\\/operacionprotesisdecadera.es\\\/blog\\\/wp-content\\\/uploads\\\/2026\\\/03\\\/cuanto-cuesta-operacion-protesis-de-cadera.jpg\",\"articleSection\":[\"blog\"],\"inLanguage\":\"es\"},{\"@type\":\"WebPage\",\"@id\":\"https:\\\/\\\/operacionprotesisdecadera.es\\\/blog\\\/operacion-de-cadera-con-protesis-y-su-precio-aproximado\\\/\",\"url\":\"https:\\\/\\\/operacionprotesisdecadera.es\\\/blog\\\/operacion-de-cadera-con-protesis-y-su-precio-aproximado\\\/\",\"name\":\"Precio de operaci\u00f3n de cadera con pr\u00f3tesis y coste estimado\",\"isPartOf\":{\"@id\":\"https:\\\/\\\/operacionprotesisdecadera.es\\\/blog\\\/#website\"},\"primaryImageOfPage\":{\"@id\":\"https:\\\/\\\/operacionprotesisdecadera.es\\\/blog\\\/operacion-de-cadera-con-protesis-y-su-precio-aproximado\\\/#primaryimage\"},\"image\":{\"@id\":\"https:\\\/\\\/operacionprotesisdecadera.es\\\/blog\\\/operacion-de-cadera-con-protesis-y-su-precio-aproximado\\\/#primaryimage\"},\"thumbnailUrl\":\"https:\\\/\\\/operacionprotesisdecadera.es\\\/blog\\\/wp-content\\\/uploads\\\/2026\\\/03\\\/cuanto-cuesta-operacion-protesis-de-cadera.jpg\",\"datePublished\":\"2026-03-12T19:31:54+00:00\",\"dateModified\":\"2026-03-12T19:33:10+00:00\",\"author\":{\"@id\":\"https:\\\/\\\/operacionprotesisdecadera.es\\\/blog\\\/#\\\/schema\\\/person\\\/3d360f366081c3591ca3903fbe9db2fd\"},\"description\":\"Coste estimado de la operaci\u00f3n de cadera con pr\u00f3tesis, qu\u00e9 incluye el procedimiento quir\u00fargico y variables que pueden modificar el presupuesto final.\",\"breadcrumb\":{\"@id\":\"https:\\\/\\\/operacionprotesisdecadera.es\\\/blog\\\/operacion-de-cadera-con-protesis-y-su-precio-aproximado\\\/#breadcrumb\"},\"inLanguage\":\"es\",\"potentialAction\":[{\"@type\":\"ReadAction\",\"target\":[\"https:\\\/\\\/operacionprotesisdecadera.es\\\/blog\\\/operacion-de-cadera-con-protesis-y-su-precio-aproximado\\\/\"]}]},{\"@type\":\"ImageObject\",\"inLanguage\":\"es\",\"@id\":\"https:\\\/\\\/operacionprotesisdecadera.es\\\/blog\\\/operacion-de-cadera-con-protesis-y-su-precio-aproximado\\\/#primaryimage\",\"url\":\"https:\\\/\\\/operacionprotesisdecadera.es\\\/blog\\\/wp-content\\\/uploads\\\/2026\\\/03\\\/cuanto-cuesta-operacion-protesis-de-cadera.jpg\",\"contentUrl\":\"https:\\\/\\\/operacionprotesisdecadera.es\\\/blog\\\/wp-content\\\/uploads\\\/2026\\\/03\\\/cuanto-cuesta-operacion-protesis-de-cadera.jpg\",\"width\":768,\"height\":427,\"caption\":\"operaci\u00f3n de cadera precio aproximado\"},{\"@type\":\"WebSite\",\"@id\":\"https:\\\/\\\/operacionprotesisdecadera.es\\\/blog\\\/#website\",\"url\":\"https:\\\/\\\/operacionprotesisdecadera.es\\\/blog\\\/\",\"name\":\"Operacion protesis de cadera\",\"description\":\"peracion protesis de cadera\",\"potentialAction\":[{\"@type\":\"SearchAction\",\"target\":{\"@type\":\"EntryPoint\",\"urlTemplate\":\"https:\\\/\\\/operacionprotesisdecadera.es\\\/blog\\\/?s={search_term_string}\"},\"query-input\":{\"@type\":\"PropertyValueSpecification\",\"valueRequired\":true,\"valueName\":\"search_term_string\"}}],\"inLanguage\":\"es\"},{\"@type\":\"Person\",\"@id\":\"https:\\\/\\\/operacionprotesisdecadera.es\\\/blog\\\/#\\\/schema\\\/person\\\/3d360f366081c3591ca3903fbe9db2fd\",\"name\":\"Sofia Martinez\",\"image\":{\"@type\":\"ImageObject\",\"inLanguage\":\"es\",\"@id\":\"https:\\\/\\\/operacionprotesisdecadera.es\\\/blog\\\/wp-content\\\/uploads\\\/2026\\\/02\\\/dra--sofia-mendez-150x150.webp\",\"url\":\"https:\\\/\\\/operacionprotesisdecadera.es\\\/blog\\\/wp-content\\\/uploads\\\/2026\\\/02\\\/dra--sofia-mendez-150x150.webp\",\"contentUrl\":\"https:\\\/\\\/operacionprotesisdecadera.es\\\/blog\\\/wp-content\\\/uploads\\\/2026\\\/02\\\/dra--sofia-mendez-150x150.webp\",\"caption\":\"Sofia Martinez\"},\"sameAs\":[\"https:\\\/\\\/operacionprotesisdecadera.es\\\/blog\"]}]}<\/script>\n<!-- \/ Yoast SEO plugin. -->","yoast_head_json":{"title":"Precio de operaci\u00f3n de cadera con pr\u00f3tesis y coste estimado","description":"Coste estimado de la operaci\u00f3n de cadera con pr\u00f3tesis, qu\u00e9 incluye el procedimiento quir\u00fargico y variables que pueden modificar el presupuesto final.","robots":{"index":"index","follow":"follow","max-snippet":"max-snippet:-1","max-image-preview":"max-image-preview:large","max-video-preview":"max-video-preview:-1"},"canonical":"https:\/\/operacionprotesisdecadera.es\/blog\/operacion-de-cadera-con-protesis-y-su-precio-aproximado\/","og_locale":"es_ES","og_type":"article","og_title":"Precio de operaci\u00f3n de cadera con pr\u00f3tesis y coste estimado","og_description":"Coste estimado de la operaci\u00f3n de cadera con pr\u00f3tesis, qu\u00e9 incluye el procedimiento quir\u00fargico y variables que pueden modificar el presupuesto final.","og_url":"https:\/\/operacionprotesisdecadera.es\/blog\/operacion-de-cadera-con-protesis-y-su-precio-aproximado\/","og_site_name":"Operacion protesis de cadera","article_published_time":"2026-03-12T19:31:54+00:00","article_modified_time":"2026-03-12T19:33:10+00:00","og_image":[{"width":768,"height":427,"url":"https:\/\/operacionprotesisdecadera.es\/blog\/wp-content\/uploads\/2026\/03\/cuanto-cuesta-operacion-protesis-de-cadera.jpg","type":"image\/jpeg"}],"author":"Sofia Martinez","twitter_card":"summary_large_image","twitter_misc":{"Escrito por":"Sofia Martinez","Tiempo de lectura":"7 minutos"},"schema":{"@context":"https:\/\/schema.org","@graph":[{"@type":"Article","@id":"https:\/\/operacionprotesisdecadera.es\/blog\/operacion-de-cadera-con-protesis-y-su-precio-aproximado\/#article","isPartOf":{"@id":"https:\/\/operacionprotesisdecadera.es\/blog\/operacion-de-cadera-con-protesis-y-su-precio-aproximado\/"},"author":{"name":"Sofia Martinez","@id":"https:\/\/operacionprotesisdecadera.es\/blog\/#\/schema\/person\/3d360f366081c3591ca3903fbe9db2fd"},"headline":"Operaci\u00f3n de cadera con pr\u00f3tesis y su precio aproximado","datePublished":"2026-03-12T19:31:54+00:00","dateModified":"2026-03-12T19:33:10+00:00","mainEntityOfPage":{"@id":"https:\/\/operacionprotesisdecadera.es\/blog\/operacion-de-cadera-con-protesis-y-su-precio-aproximado\/"},"wordCount":1467,"image":{"@id":"https:\/\/operacionprotesisdecadera.es\/blog\/operacion-de-cadera-con-protesis-y-su-precio-aproximado\/#primaryimage"},"thumbnailUrl":"https:\/\/operacionprotesisdecadera.es\/blog\/wp-content\/uploads\/2026\/03\/cuanto-cuesta-operacion-protesis-de-cadera.jpg","articleSection":["blog"],"inLanguage":"es"},{"@type":"WebPage","@id":"https:\/\/operacionprotesisdecadera.es\/blog\/operacion-de-cadera-con-protesis-y-su-precio-aproximado\/","url":"https:\/\/operacionprotesisdecadera.es\/blog\/operacion-de-cadera-con-protesis-y-su-precio-aproximado\/","name":"Precio de operaci\u00f3n de cadera con pr\u00f3tesis y coste estimado","isPartOf":{"@id":"https:\/\/operacionprotesisdecadera.es\/blog\/#website"},"primaryImageOfPage":{"@id":"https:\/\/operacionprotesisdecadera.es\/blog\/operacion-de-cadera-con-protesis-y-su-precio-aproximado\/#primaryimage"},"image":{"@id":"https:\/\/operacionprotesisdecadera.es\/blog\/operacion-de-cadera-con-protesis-y-su-precio-aproximado\/#primaryimage"},"thumbnailUrl":"https:\/\/operacionprotesisdecadera.es\/blog\/wp-content\/uploads\/2026\/03\/cuanto-cuesta-operacion-protesis-de-cadera.jpg","datePublished":"2026-03-12T19:31:54+00:00","dateModified":"2026-03-12T19:33:10+00:00","author":{"@id":"https:\/\/operacionprotesisdecadera.es\/blog\/#\/schema\/person\/3d360f366081c3591ca3903fbe9db2fd"},"description":"Coste estimado de la operaci\u00f3n de cadera con pr\u00f3tesis, qu\u00e9 incluye el procedimiento quir\u00fargico y variables que pueden modificar el presupuesto final.","breadcrumb":{"@id":"https:\/\/operacionprotesisdecadera.es\/blog\/operacion-de-cadera-con-protesis-y-su-precio-aproximado\/#breadcrumb"},"inLanguage":"es","potentialAction":[{"@type":"ReadAction","target":["https:\/\/operacionprotesisdecadera.es\/blog\/operacion-de-cadera-con-protesis-y-su-precio-aproximado\/"]}]},{"@type":"ImageObject","inLanguage":"es","@id":"https:\/\/operacionprotesisdecadera.es\/blog\/operacion-de-cadera-con-protesis-y-su-precio-aproximado\/#primaryimage","url":"https:\/\/operacionprotesisdecadera.es\/blog\/wp-content\/uploads\/2026\/03\/cuanto-cuesta-operacion-protesis-de-cadera.jpg","contentUrl":"https:\/\/operacionprotesisdecadera.es\/blog\/wp-content\/uploads\/2026\/03\/cuanto-cuesta-operacion-protesis-de-cadera.jpg","width":768,"height":427,"caption":"operaci\u00f3n de cadera precio aproximado"},{"@type":"WebSite","@id":"https:\/\/operacionprotesisdecadera.es\/blog\/#website","url":"https:\/\/operacionprotesisdecadera.es\/blog\/","name":"Operacion protesis de cadera","description":"peracion protesis de cadera","potentialAction":[{"@type":"SearchAction","target":{"@type":"EntryPoint","urlTemplate":"https:\/\/operacionprotesisdecadera.es\/blog\/?s={search_term_string}"},"query-input":{"@type":"PropertyValueSpecification","valueRequired":true,"valueName":"search_term_string"}}],"inLanguage":"es"},{"@type":"Person","@id":"https:\/\/operacionprotesisdecadera.es\/blog\/#\/schema\/person\/3d360f366081c3591ca3903fbe9db2fd","name":"Sofia Martinez","image":{"@type":"ImageObject","inLanguage":"es","@id":"https:\/\/operacionprotesisdecadera.es\/blog\/wp-content\/uploads\/2026\/02\/dra--sofia-mendez-150x150.webp","url":"https:\/\/operacionprotesisdecadera.es\/blog\/wp-content\/uploads\/2026\/02\/dra--sofia-mendez-150x150.webp","contentUrl":"https:\/\/operacionprotesisdecadera.es\/blog\/wp-content\/uploads\/2026\/02\/dra--sofia-mendez-150x150.webp","caption":"Sofia Martinez"},"sameAs":["https:\/\/operacionprotesisdecadera.es\/blog"]}]}},"_links":{"self":[{"href":"https:\/\/operacionprotesisdecadera.es\/blog\/wp-json\/wp\/v2\/posts\/199","targetHints":{"allow":["GET"]}}],"collection":[{"href":"https:\/\/operacionprotesisdecadera.es\/blog\/wp-json\/wp\/v2\/posts"}],"about":[{"href":"https:\/\/operacionprotesisdecadera.es\/blog\/wp-json\/wp\/v2\/types\/post"}],"author":[{"embeddable":true,"href":"https:\/\/operacionprotesisdecadera.es\/blog\/wp-json\/wp\/v2\/users\/1"}],"replies":[{"embeddable":true,"href":"https:\/\/operacionprotesisdecadera.es\/blog\/wp-json\/wp\/v2\/comments?post=199"}],"version-history":[{"count":4,"href":"https:\/\/operacionprotesisdecadera.es\/blog\/wp-json\/wp\/v2\/posts\/199\/revisions"}],"predecessor-version":[{"id":204,"href":"https:\/\/operacionprotesisdecadera.es\/blog\/wp-json\/wp\/v2\/posts\/199\/revisions\/204"}],"wp:featuredmedia":[{"embeddable":true,"href":"https:\/\/operacionprotesisdecadera.es\/blog\/wp-json\/wp\/v2\/media\/200"}],"wp:attachment":[{"href":"https:\/\/operacionprotesisdecadera.es\/blog\/wp-json\/wp\/v2\/media?parent=199"}],"wp:term":[{"taxonomy":"category","embeddable":true,"href":"https:\/\/operacionprotesisdecadera.es\/blog\/wp-json\/wp\/v2\/categories?post=199"},{"taxonomy":"post_tag","embeddable":true,"href":"https:\/\/operacionprotesisdecadera.es\/blog\/wp-json\/wp\/v2\/tags?post=199"}],"curies":[{"name":"wp","href":"https:\/\/api.w.org\/{rel}","templated":true}]}}