{"id":184,"date":"2026-03-12T10:29:30","date_gmt":"2026-03-12T09:29:30","guid":{"rendered":"https:\/\/operacionprotesisdecadera.es\/blog\/?p=184"},"modified":"2026-03-12T10:55:55","modified_gmt":"2026-03-12T09:55:55","slug":"operacion-protesis-de-cadera-tiempo-de-recuperacion-para-volver-a-la-normalidad","status":"publish","type":"post","link":"https:\/\/operacionprotesisdecadera.es\/blog\/operacion-protesis-de-cadera-tiempo-de-recuperacion-para-volver-a-la-normalidad\/","title":{"rendered":"Operaci\u00f3n de pr\u00f3tesis de cadera: tiempo de recuperaci\u00f3n para volver a la normalidad"},"content":{"rendered":"\n<p>Decidir someterse a una intervenci\u00f3n para sustituir la articulaci\u00f3n da\u00f1ada es un paso importante hacia la recuperaci\u00f3n del bienestar. Muchas personas que conviven con dolor persistente o <em>movilidad reducida<\/em> encuentran en la <a href=\"https:\/\/operacionprotesisdecadera.es\/\">operaci\u00f3n pr\u00f3tesis de cadera<\/a> una oportunidad para volver a caminar con mayor seguridad, descansar mejor y recuperar su ritmo de vida. Informarse sobre el proceso de recuperaci\u00f3n permite valorar con m\u00e1s claridad los <strong>beneficios del tratamiento<\/strong> y tomar decisiones m\u00e9dicas con mayor confianza.<\/p>\n\n\n\n<p>Aunque cada paciente evoluciona de forma diferente, el tiempo de recuperaci\u00f3n de una operaci\u00f3n de pr\u00f3tesis de cadera suele situarse entre <strong>3 y 6 meses<\/strong> para retomar una vida funcional normal. Sin embargo, la mayor\u00eda de personas comienza a caminar con ayuda en las primeras <strong>24-48 horas<\/strong>. Comprender estas fases ayuda a planificar mejor el proceso y a afrontar la intervenci\u00f3n con expectativas realistas sobre los resultados.<\/p>\n\n\n\n<h2 class=\"wp-block-heading\">Primeras 48 horas: inicio del movimiento y fisioterapia temprana<\/h2>\n\n\n\n<p>La recuperaci\u00f3n comienza desde el mismo ingreso hospitalario. La movilizaci\u00f3n precoz es una estrategia fundamental para prevenir complicaciones y favorecer una evoluci\u00f3n m\u00e1s estable. Durante estas primeras horas, el acompa\u00f1amiento del equipo m\u00e9dico y de <em>fisioterapia<\/em> resulta clave para <strong>iniciar el movimiento con seguridad y confianza<\/strong>.<\/p>\n\n\n\n<ul class=\"wp-block-list\">\n<li><strong>Primeros pasos con andador o muletas<\/strong>, bajo supervisi\u00f3n profesional.<\/li>\n\n\n\n<li><strong>Control del dolor postoperatorio<\/strong> mediante tratamiento individualizado.<\/li>\n\n\n\n<li><strong>Ejercicios circulatorios y respiratorios<\/strong> para reducir riesgos asociados.<\/li>\n<\/ul>\n\n\n\n<p>Un inicio adecuado puede influir positivamente en la <em>rehabilitaci\u00f3n de cadera<\/em> y facilitar una recuperaci\u00f3n m\u00e1s progresiva.<\/p>\n\n\n\n<h2 class=\"wp-block-heading\">Las primeras semanas en casa: cuidados esenciales tras la cirug\u00eda de pr\u00f3tesis de cadera<\/h2>\n\n\n\n<p>Al regresar al domicilio, el entorno debe adaptarse para evitar movimientos bruscos o ca\u00eddas. Peque\u00f1as modificaciones en la vivienda ayudan a <strong>proteger la nueva articulaci\u00f3n<\/strong> y aportan mayor tranquilidad durante el <em>postoperatorio<\/em>. Seguir las recomendaciones m\u00e9dicas y mantener una rutina organizada contribuye a mejorar la evoluci\u00f3n funcional.<\/p>\n\n\n\n<h3 class=\"wp-block-heading\">\u00bfCu\u00e1ndo se retiran los puntos o grapas?<\/h3>\n\n\n\n<p>En la mayor\u00eda de los casos, se retiran entre los <strong>10 y 14 d\u00edas<\/strong> tras la intervenci\u00f3n. Esta revisi\u00f3n permite valorar la cicatrizaci\u00f3n y ajustar las pautas de rehabilitaci\u00f3n seg\u00fan las necesidades del paciente.<\/p>\n\n\n\n<h3 class=\"wp-block-heading\">La importancia del ejercicio diario<\/h3>\n\n\n\n<p>La constancia en los ejercicios indicados favorece la recuperaci\u00f3n muscular y mejora la estabilidad. Un programa bien planificado de fisioterapia puede acelerar el retorno a la autonom\u00eda y mejorar la percepci\u00f3n de seguridad al caminar.<\/p>\n\n\n\n<h2 class=\"wp-block-heading\">Factores que influyen en el tiempo de recuperaci\u00f3n de la pr\u00f3tesis de cadera<\/h2>\n\n\n\n<p>Existen variables m\u00e9dicas y personales que condicionan el ritmo de evoluci\u00f3n tras la intervenci\u00f3n. Conocerlas permite anticipar el proceso y valorar mejor las opciones terap\u00e9uticas disponibles.<\/p>\n\n\n\n<p><strong>Edad y estado f\u00edsico previo:<\/strong> las personas activas o con mejor tono muscular suelen adaptarse antes a la nueva articulaci\u00f3n.<\/p>\n\n\n\n<p><strong>T\u00e9cnica quir\u00fargica utilizada:<\/strong> determinados abordajes pueden facilitar una movilizaci\u00f3n m\u00e1s temprana y una percepci\u00f3n menor de dolor inicial.<\/p>\n\n\n\n<p><strong>Seguimiento de la fisioterapia:<\/strong> completar todas las sesiones recomendadas es uno de los factores m\u00e1s determinantes para obtener resultados funcionales satisfactorios.<\/p>\n\n\n\n<p>Evaluar estos aspectos con un especialista permite planificar el tratamiento con mayor precisi\u00f3n y elegir alternativas asistenciales que favorezcan una recuperaci\u00f3n eficiente.<\/p>\n\n\n\n<h2 class=\"wp-block-heading\">Cronograma de autonom\u00eda tras la intervenci\u00f3n quir\u00fargica de cadera<\/h2>\n\n\n\n<p>Una de las principales preocupaciones es saber cu\u00e1ndo se podr\u00e1n retomar las actividades habituales. Aunque los tiempos var\u00edan, existe una orientaci\u00f3n general que ayuda a organizar la recuperaci\u00f3n.<\/p>\n\n\n\n<ul class=\"wp-block-list\">\n<li><strong>Caminar sin muletas:<\/strong> entre la cuarta y la sexta semana.<\/li>\n\n\n\n<li><strong>Conducir:<\/strong> aproximadamente entre 6 y 8 semanas.<\/li>\n\n\n\n<li><strong>Actividad laboral:<\/strong> trabajos de oficina alrededor de 1 mes; trabajos f\u00edsicos entre 3 y 4 meses.<\/li>\n\n\n\n<li><strong>Actividad deportiva:<\/strong> ejercicios de bajo impacto como nataci\u00f3n o bicicleta est\u00e1tica desde el segundo mes.<\/li>\n<\/ul>\n\n\n\n<p>Respetar estos plazos favorece una adaptaci\u00f3n progresiva y ayuda a proteger la articulaci\u00f3n durante los primeros meses.<\/p>\n\n\n<div class=\"wp-block-image\">\n<figure class=\"aligncenter size-full\"><img decoding=\"async\" width=\"768\" height=\"435\" loading=\"lazy\" src=\"https:\/\/operacionprotesisdecadera.es\/blog\/wp-content\/uploads\/2026\/03\/cirugia-protesis-de-cadera.jpg\" alt=\"\" class=\"wp-image-188\"\/><\/figure>\n<\/div>\n\n\n<h2 class=\"wp-block-heading\">Consejos para acelerar la recuperaci\u00f3n de forma segura<\/h2>\n\n\n\n<p>Adoptar h\u00e1bitos adecuados puede mejorar notablemente la evoluci\u00f3n tras la intervenci\u00f3n y optimizar los resultados del tratamiento.<\/p>\n\n\n\n<ul class=\"wp-block-list\">\n<li><strong>Mantener un peso saludable<\/strong> para evitar sobrecargas innecesarias.<\/li>\n\n\n\n<li><strong>Adaptar la vivienda<\/strong> eliminando obst\u00e1culos o instalando ayudas funcionales.<\/li>\n\n\n\n<li><strong>No interrumpir la rehabilitaci\u00f3n<\/strong> aunque exista mejor\u00eda.<\/li>\n\n\n\n<li><strong>Utilizar calzado estable y cerrado<\/strong> para caminar con mayor seguridad.<\/li>\n<\/ul>\n\n\n\n<p>Estos cuidados favorecen una recuperaci\u00f3n m\u00e1s estable y contribuyen a recuperar la independencia de forma progresiva.<\/p>\n\n\n\n<h2 class=\"wp-block-heading\">Preguntas frecuentes (FAQ)<\/h2>\n\n\n\n<p>Resolver estas dudas permite afrontar el proceso con mayor tranquilidad y tomar decisiones informadas acerca de la intervenci\u00f3n:<\/p>\n\n\n\n<h3 class=\"wp-block-heading\">\u00bfEs normal sentir inflamaci\u00f3n meses despu\u00e9s?<\/h3>\n\n\n\n<p>S\u00ed. Puede aparecer inflamaci\u00f3n leve o sensaci\u00f3n de tirantez durante varios meses, especialmente tras la actividad f\u00edsica.<\/p>\n\n\n\n<h3 class=\"wp-block-heading\">\u00bfCu\u00e1nto dura una pr\u00f3tesis de cadera moderna?<\/h3>\n\n\n\n<p>Los implantes actuales suelen tener una duraci\u00f3n aproximada de 15 a 20 a\u00f1os, dependiendo del uso y del estado general del paciente.<\/p>\n\n\n\n<h3 class=\"wp-block-heading\">\u00bfCu\u00e1ndo debo llamar al m\u00e9dico de urgencia?<\/h3>\n\n\n\n<p>Es recomendable consultar si aparecen s\u00edntomas como fiebre persistente, enrojecimiento intenso, secreci\u00f3n en la herida o dolor que no mejora con la medicaci\u00f3n.<\/p>\n\n\n\n<p>El proceso de recuperaci\u00f3n requiere paciencia y compromiso con la rehabilitaci\u00f3n, pero los beneficios funcionales suelen ser significativos. Reducir el dolor cr\u00f3nico, mejorar la movilidad y recuperar actividades cotidianas son objetivos alcanzables con el tratamiento adecuado. Informarse bien y valorar la intervenci\u00f3n con un especialista permite <strong>tomar decisiones con mayor seguridad<\/strong>. Si tienes dudas sobre tu caso, solicitar una valoraci\u00f3n m\u00e9dica personalizada es el primer paso para iniciar el camino hacia una mejor calidad de vida.<\/p>\n\n\n\n<script type=\"application\/ld+json\">\n{\n  \"@context\": \"https:\/\/schema.org\",\n  \"@type\": \"FAQPage\",\n  \"mainEntity\": [\n    {\n      \"@type\": \"Question\",\n      \"name\": \"\u00bfEs normal sentir inflamaci\u00f3n meses despu\u00e9s?\",\n      \"acceptedAnswer\": {\n        \"@type\": \"Answer\",\n        \"text\": \"S\u00ed. Puede aparecer inflamaci\u00f3n leve o sensaci\u00f3n de tirantez durante varios meses, especialmente tras la actividad f\u00edsica.\"\n      }\n    },\n    {\n      \"@type\": \"Question\",\n      \"name\": \"\u00bfCu\u00e1nto dura una pr\u00f3tesis de cadera moderna?\",\n      \"acceptedAnswer\": {\n        \"@type\": \"Answer\",\n        \"text\": \"Los implantes actuales suelen tener una duraci\u00f3n aproximada de 15 a 20 a\u00f1os, dependiendo del uso y del estado general del paciente.\"\n      }\n    },\n    {\n      \"@type\": \"Question\",\n      \"name\": \"\u00bfCu\u00e1ndo debo llamar al m\u00e9dico de urgencia?\",\n      \"acceptedAnswer\": {\n        \"@type\": \"Answer\",\n        \"text\": \"Es recomendable consultar si aparecen s\u00edntomas como fiebre persistente, enrojecimiento intenso, secreci\u00f3n en la herida o dolor que no mejora con la medicaci\u00f3n.\"\n      }\n    }\n  ]\n}\n<\/script>\n","protected":false},"excerpt":{"rendered":"<p>Decidir someterse a una intervenci\u00f3n para sustituir la articulaci\u00f3n da\u00f1ada es un&hellip;<\/p>\n","protected":false},"author":1,"featured_media":187,"comment_status":"closed","ping_status":"closed","sticky":false,"template":"","format":"standard","meta":{"footnotes":""},"categories":[2],"tags":[],"class_list":["post-184","post","type-post","status-publish","format-standard","has-post-thumbnail","hentry","category-blog"],"yoast_head":"<!-- This site is optimized with the Yoast SEO plugin v28.3 - https:\/\/yoast.com\/product\/yoast-seo-wordpress\/ -->\n<title>Recuperaci\u00f3n tras operaci\u00f3n de pr\u00f3tesis de cadera paso a paso<\/title>\n<meta name=\"description\" content=\"Tiempo de recuperaci\u00f3n tras una operaci\u00f3n de pr\u00f3tesis de cadera, fases de rehabilitaci\u00f3n, movilidad progresiva y factores que influyen en la vuelta a la normalidad.\" \/>\n<meta name=\"robots\" content=\"index, follow, max-snippet:-1, max-image-preview:large, max-video-preview:-1\" \/>\n<link rel=\"canonical\" href=\"https:\/\/operacionprotesisdecadera.es\/blog\/operacion-protesis-de-cadera-tiempo-de-recuperacion-para-volver-a-la-normalidad\/\" \/>\n<meta property=\"og:locale\" content=\"es_ES\" \/>\n<meta property=\"og:type\" content=\"article\" \/>\n<meta property=\"og:title\" content=\"Recuperaci\u00f3n tras operaci\u00f3n de pr\u00f3tesis de cadera paso a paso\" \/>\n<meta property=\"og:description\" content=\"Tiempo de recuperaci\u00f3n tras una operaci\u00f3n de pr\u00f3tesis de cadera, fases de rehabilitaci\u00f3n, movilidad progresiva y factores que influyen en la vuelta a la normalidad.\" \/>\n<meta property=\"og:url\" content=\"https:\/\/operacionprotesisdecadera.es\/blog\/operacion-protesis-de-cadera-tiempo-de-recuperacion-para-volver-a-la-normalidad\/\" \/>\n<meta property=\"og:site_name\" content=\"Operacion protesis de cadera\" \/>\n<meta property=\"article:published_time\" content=\"2026-03-12T09:29:30+00:00\" \/>\n<meta property=\"article:modified_time\" content=\"2026-03-12T09:55:55+00:00\" \/>\n<meta property=\"og:image\" content=\"https:\/\/operacionprotesisdecadera.es\/blog\/wp-content\/uploads\/2026\/03\/intervencion-protesis-cadera.jpg\" \/>\n\t<meta property=\"og:image:width\" content=\"768\" \/>\n\t<meta property=\"og:image:height\" content=\"427\" \/>\n\t<meta property=\"og:image:type\" content=\"image\/jpeg\" \/>\n<meta name=\"author\" content=\"Sofia Martinez\" \/>\n<meta name=\"twitter:card\" content=\"summary_large_image\" \/>\n<meta name=\"twitter:label1\" content=\"Escrito por\" \/>\n\t<meta name=\"twitter:data1\" content=\"Sofia Martinez\" \/>\n\t<meta name=\"twitter:label2\" content=\"Tiempo de lectura\" \/>\n\t<meta name=\"twitter:data2\" content=\"5 minutos\" \/>\n<script type=\"application\/ld+json\" class=\"yoast-schema-graph\">{\"@context\":\"https:\\\/\\\/schema.org\",\"@graph\":[{\"@type\":\"Article\",\"@id\":\"https:\\\/\\\/operacionprotesisdecadera.es\\\/blog\\\/operacion-protesis-de-cadera-tiempo-de-recuperacion-para-volver-a-la-normalidad\\\/#article\",\"isPartOf\":{\"@id\":\"https:\\\/\\\/operacionprotesisdecadera.es\\\/blog\\\/operacion-protesis-de-cadera-tiempo-de-recuperacion-para-volver-a-la-normalidad\\\/\"},\"author\":{\"name\":\"Sofia Martinez\",\"@id\":\"https:\\\/\\\/operacionprotesisdecadera.es\\\/blog\\\/#\\\/schema\\\/person\\\/3d360f366081c3591ca3903fbe9db2fd\"},\"headline\":\"Operaci\u00f3n de pr\u00f3tesis de cadera: tiempo de recuperaci\u00f3n para volver a la normalidad\",\"datePublished\":\"2026-03-12T09:29:30+00:00\",\"dateModified\":\"2026-03-12T09:55:55+00:00\",\"mainEntityOfPage\":{\"@id\":\"https:\\\/\\\/operacionprotesisdecadera.es\\\/blog\\\/operacion-protesis-de-cadera-tiempo-de-recuperacion-para-volver-a-la-normalidad\\\/\"},\"wordCount\":961,\"image\":{\"@id\":\"https:\\\/\\\/operacionprotesisdecadera.es\\\/blog\\\/operacion-protesis-de-cadera-tiempo-de-recuperacion-para-volver-a-la-normalidad\\\/#primaryimage\"},\"thumbnailUrl\":\"https:\\\/\\\/operacionprotesisdecadera.es\\\/blog\\\/wp-content\\\/uploads\\\/2026\\\/03\\\/intervencion-protesis-cadera.jpg\",\"articleSection\":[\"blog\"],\"inLanguage\":\"es\"},{\"@type\":\"WebPage\",\"@id\":\"https:\\\/\\\/operacionprotesisdecadera.es\\\/blog\\\/operacion-protesis-de-cadera-tiempo-de-recuperacion-para-volver-a-la-normalidad\\\/\",\"url\":\"https:\\\/\\\/operacionprotesisdecadera.es\\\/blog\\\/operacion-protesis-de-cadera-tiempo-de-recuperacion-para-volver-a-la-normalidad\\\/\",\"name\":\"Recuperaci\u00f3n tras operaci\u00f3n de pr\u00f3tesis de cadera paso a paso\",\"isPartOf\":{\"@id\":\"https:\\\/\\\/operacionprotesisdecadera.es\\\/blog\\\/#website\"},\"primaryImageOfPage\":{\"@id\":\"https:\\\/\\\/operacionprotesisdecadera.es\\\/blog\\\/operacion-protesis-de-cadera-tiempo-de-recuperacion-para-volver-a-la-normalidad\\\/#primaryimage\"},\"image\":{\"@id\":\"https:\\\/\\\/operacionprotesisdecadera.es\\\/blog\\\/operacion-protesis-de-cadera-tiempo-de-recuperacion-para-volver-a-la-normalidad\\\/#primaryimage\"},\"thumbnailUrl\":\"https:\\\/\\\/operacionprotesisdecadera.es\\\/blog\\\/wp-content\\\/uploads\\\/2026\\\/03\\\/intervencion-protesis-cadera.jpg\",\"datePublished\":\"2026-03-12T09:29:30+00:00\",\"dateModified\":\"2026-03-12T09:55:55+00:00\",\"author\":{\"@id\":\"https:\\\/\\\/operacionprotesisdecadera.es\\\/blog\\\/#\\\/schema\\\/person\\\/3d360f366081c3591ca3903fbe9db2fd\"},\"description\":\"Tiempo de recuperaci\u00f3n tras una operaci\u00f3n de pr\u00f3tesis de cadera, fases de rehabilitaci\u00f3n, movilidad progresiva y factores que influyen en la vuelta a la normalidad.\",\"breadcrumb\":{\"@id\":\"https:\\\/\\\/operacionprotesisdecadera.es\\\/blog\\\/operacion-protesis-de-cadera-tiempo-de-recuperacion-para-volver-a-la-normalidad\\\/#breadcrumb\"},\"inLanguage\":\"es\",\"potentialAction\":[{\"@type\":\"ReadAction\",\"target\":[\"https:\\\/\\\/operacionprotesisdecadera.es\\\/blog\\\/operacion-protesis-de-cadera-tiempo-de-recuperacion-para-volver-a-la-normalidad\\\/\"]}]},{\"@type\":\"ImageObject\",\"inLanguage\":\"es\",\"@id\":\"https:\\\/\\\/operacionprotesisdecadera.es\\\/blog\\\/operacion-protesis-de-cadera-tiempo-de-recuperacion-para-volver-a-la-normalidad\\\/#primaryimage\",\"url\":\"https:\\\/\\\/operacionprotesisdecadera.es\\\/blog\\\/wp-content\\\/uploads\\\/2026\\\/03\\\/intervencion-protesis-cadera.jpg\",\"contentUrl\":\"https:\\\/\\\/operacionprotesisdecadera.es\\\/blog\\\/wp-content\\\/uploads\\\/2026\\\/03\\\/intervencion-protesis-cadera.jpg\",\"width\":768,\"height\":427,\"caption\":\"recuperaci\u00f3n tras operaci\u00f3n de pr\u00f3tesis de cadera\"},{\"@type\":\"WebSite\",\"@id\":\"https:\\\/\\\/operacionprotesisdecadera.es\\\/blog\\\/#website\",\"url\":\"https:\\\/\\\/operacionprotesisdecadera.es\\\/blog\\\/\",\"name\":\"Operacion protesis de cadera\",\"description\":\"peracion protesis de cadera\",\"potentialAction\":[{\"@type\":\"SearchAction\",\"target\":{\"@type\":\"EntryPoint\",\"urlTemplate\":\"https:\\\/\\\/operacionprotesisdecadera.es\\\/blog\\\/?s={search_term_string}\"},\"query-input\":{\"@type\":\"PropertyValueSpecification\",\"valueRequired\":true,\"valueName\":\"search_term_string\"}}],\"inLanguage\":\"es\"},{\"@type\":\"Person\",\"@id\":\"https:\\\/\\\/operacionprotesisdecadera.es\\\/blog\\\/#\\\/schema\\\/person\\\/3d360f366081c3591ca3903fbe9db2fd\",\"name\":\"Sofia Martinez\",\"image\":{\"@type\":\"ImageObject\",\"inLanguage\":\"es\",\"@id\":\"https:\\\/\\\/operacionprotesisdecadera.es\\\/blog\\\/wp-content\\\/uploads\\\/2026\\\/02\\\/dra--sofia-mendez-150x150.webp\",\"url\":\"https:\\\/\\\/operacionprotesisdecadera.es\\\/blog\\\/wp-content\\\/uploads\\\/2026\\\/02\\\/dra--sofia-mendez-150x150.webp\",\"contentUrl\":\"https:\\\/\\\/operacionprotesisdecadera.es\\\/blog\\\/wp-content\\\/uploads\\\/2026\\\/02\\\/dra--sofia-mendez-150x150.webp\",\"caption\":\"Sofia Martinez\"},\"sameAs\":[\"https:\\\/\\\/operacionprotesisdecadera.es\\\/blog\"]}]}<\/script>\n<!-- \/ Yoast SEO plugin. -->","yoast_head_json":{"title":"Recuperaci\u00f3n tras operaci\u00f3n de pr\u00f3tesis de cadera paso a paso","description":"Tiempo de recuperaci\u00f3n tras una operaci\u00f3n de pr\u00f3tesis de cadera, fases de rehabilitaci\u00f3n, movilidad progresiva y factores que influyen en la vuelta a la normalidad.","robots":{"index":"index","follow":"follow","max-snippet":"max-snippet:-1","max-image-preview":"max-image-preview:large","max-video-preview":"max-video-preview:-1"},"canonical":"https:\/\/operacionprotesisdecadera.es\/blog\/operacion-protesis-de-cadera-tiempo-de-recuperacion-para-volver-a-la-normalidad\/","og_locale":"es_ES","og_type":"article","og_title":"Recuperaci\u00f3n tras operaci\u00f3n de pr\u00f3tesis de cadera paso a paso","og_description":"Tiempo de recuperaci\u00f3n tras una operaci\u00f3n de pr\u00f3tesis de cadera, fases de rehabilitaci\u00f3n, movilidad progresiva y factores que influyen en la vuelta a la normalidad.","og_url":"https:\/\/operacionprotesisdecadera.es\/blog\/operacion-protesis-de-cadera-tiempo-de-recuperacion-para-volver-a-la-normalidad\/","og_site_name":"Operacion protesis de cadera","article_published_time":"2026-03-12T09:29:30+00:00","article_modified_time":"2026-03-12T09:55:55+00:00","og_image":[{"width":768,"height":427,"url":"https:\/\/operacionprotesisdecadera.es\/blog\/wp-content\/uploads\/2026\/03\/intervencion-protesis-cadera.jpg","type":"image\/jpeg"}],"author":"Sofia Martinez","twitter_card":"summary_large_image","twitter_misc":{"Escrito por":"Sofia Martinez","Tiempo de lectura":"5 minutos"},"schema":{"@context":"https:\/\/schema.org","@graph":[{"@type":"Article","@id":"https:\/\/operacionprotesisdecadera.es\/blog\/operacion-protesis-de-cadera-tiempo-de-recuperacion-para-volver-a-la-normalidad\/#article","isPartOf":{"@id":"https:\/\/operacionprotesisdecadera.es\/blog\/operacion-protesis-de-cadera-tiempo-de-recuperacion-para-volver-a-la-normalidad\/"},"author":{"name":"Sofia Martinez","@id":"https:\/\/operacionprotesisdecadera.es\/blog\/#\/schema\/person\/3d360f366081c3591ca3903fbe9db2fd"},"headline":"Operaci\u00f3n de pr\u00f3tesis de cadera: tiempo de recuperaci\u00f3n para volver a la normalidad","datePublished":"2026-03-12T09:29:30+00:00","dateModified":"2026-03-12T09:55:55+00:00","mainEntityOfPage":{"@id":"https:\/\/operacionprotesisdecadera.es\/blog\/operacion-protesis-de-cadera-tiempo-de-recuperacion-para-volver-a-la-normalidad\/"},"wordCount":961,"image":{"@id":"https:\/\/operacionprotesisdecadera.es\/blog\/operacion-protesis-de-cadera-tiempo-de-recuperacion-para-volver-a-la-normalidad\/#primaryimage"},"thumbnailUrl":"https:\/\/operacionprotesisdecadera.es\/blog\/wp-content\/uploads\/2026\/03\/intervencion-protesis-cadera.jpg","articleSection":["blog"],"inLanguage":"es"},{"@type":"WebPage","@id":"https:\/\/operacionprotesisdecadera.es\/blog\/operacion-protesis-de-cadera-tiempo-de-recuperacion-para-volver-a-la-normalidad\/","url":"https:\/\/operacionprotesisdecadera.es\/blog\/operacion-protesis-de-cadera-tiempo-de-recuperacion-para-volver-a-la-normalidad\/","name":"Recuperaci\u00f3n tras operaci\u00f3n de pr\u00f3tesis de cadera paso a paso","isPartOf":{"@id":"https:\/\/operacionprotesisdecadera.es\/blog\/#website"},"primaryImageOfPage":{"@id":"https:\/\/operacionprotesisdecadera.es\/blog\/operacion-protesis-de-cadera-tiempo-de-recuperacion-para-volver-a-la-normalidad\/#primaryimage"},"image":{"@id":"https:\/\/operacionprotesisdecadera.es\/blog\/operacion-protesis-de-cadera-tiempo-de-recuperacion-para-volver-a-la-normalidad\/#primaryimage"},"thumbnailUrl":"https:\/\/operacionprotesisdecadera.es\/blog\/wp-content\/uploads\/2026\/03\/intervencion-protesis-cadera.jpg","datePublished":"2026-03-12T09:29:30+00:00","dateModified":"2026-03-12T09:55:55+00:00","author":{"@id":"https:\/\/operacionprotesisdecadera.es\/blog\/#\/schema\/person\/3d360f366081c3591ca3903fbe9db2fd"},"description":"Tiempo de recuperaci\u00f3n tras una operaci\u00f3n de pr\u00f3tesis de cadera, fases de rehabilitaci\u00f3n, movilidad progresiva y factores que influyen en la vuelta a la normalidad.","breadcrumb":{"@id":"https:\/\/operacionprotesisdecadera.es\/blog\/operacion-protesis-de-cadera-tiempo-de-recuperacion-para-volver-a-la-normalidad\/#breadcrumb"},"inLanguage":"es","potentialAction":[{"@type":"ReadAction","target":["https:\/\/operacionprotesisdecadera.es\/blog\/operacion-protesis-de-cadera-tiempo-de-recuperacion-para-volver-a-la-normalidad\/"]}]},{"@type":"ImageObject","inLanguage":"es","@id":"https:\/\/operacionprotesisdecadera.es\/blog\/operacion-protesis-de-cadera-tiempo-de-recuperacion-para-volver-a-la-normalidad\/#primaryimage","url":"https:\/\/operacionprotesisdecadera.es\/blog\/wp-content\/uploads\/2026\/03\/intervencion-protesis-cadera.jpg","contentUrl":"https:\/\/operacionprotesisdecadera.es\/blog\/wp-content\/uploads\/2026\/03\/intervencion-protesis-cadera.jpg","width":768,"height":427,"caption":"recuperaci\u00f3n tras operaci\u00f3n de pr\u00f3tesis de cadera"},{"@type":"WebSite","@id":"https:\/\/operacionprotesisdecadera.es\/blog\/#website","url":"https:\/\/operacionprotesisdecadera.es\/blog\/","name":"Operacion protesis de cadera","description":"peracion protesis de cadera","potentialAction":[{"@type":"SearchAction","target":{"@type":"EntryPoint","urlTemplate":"https:\/\/operacionprotesisdecadera.es\/blog\/?s={search_term_string}"},"query-input":{"@type":"PropertyValueSpecification","valueRequired":true,"valueName":"search_term_string"}}],"inLanguage":"es"},{"@type":"Person","@id":"https:\/\/operacionprotesisdecadera.es\/blog\/#\/schema\/person\/3d360f366081c3591ca3903fbe9db2fd","name":"Sofia Martinez","image":{"@type":"ImageObject","inLanguage":"es","@id":"https:\/\/operacionprotesisdecadera.es\/blog\/wp-content\/uploads\/2026\/02\/dra--sofia-mendez-150x150.webp","url":"https:\/\/operacionprotesisdecadera.es\/blog\/wp-content\/uploads\/2026\/02\/dra--sofia-mendez-150x150.webp","contentUrl":"https:\/\/operacionprotesisdecadera.es\/blog\/wp-content\/uploads\/2026\/02\/dra--sofia-mendez-150x150.webp","caption":"Sofia Martinez"},"sameAs":["https:\/\/operacionprotesisdecadera.es\/blog"]}]}},"_links":{"self":[{"href":"https:\/\/operacionprotesisdecadera.es\/blog\/wp-json\/wp\/v2\/posts\/184","targetHints":{"allow":["GET"]}}],"collection":[{"href":"https:\/\/operacionprotesisdecadera.es\/blog\/wp-json\/wp\/v2\/posts"}],"about":[{"href":"https:\/\/operacionprotesisdecadera.es\/blog\/wp-json\/wp\/v2\/types\/post"}],"author":[{"embeddable":true,"href":"https:\/\/operacionprotesisdecadera.es\/blog\/wp-json\/wp\/v2\/users\/1"}],"replies":[{"embeddable":true,"href":"https:\/\/operacionprotesisdecadera.es\/blog\/wp-json\/wp\/v2\/comments?post=184"}],"version-history":[{"count":6,"href":"https:\/\/operacionprotesisdecadera.es\/blog\/wp-json\/wp\/v2\/posts\/184\/revisions"}],"predecessor-version":[{"id":227,"href":"https:\/\/operacionprotesisdecadera.es\/blog\/wp-json\/wp\/v2\/posts\/184\/revisions\/227"}],"wp:featuredmedia":[{"embeddable":true,"href":"https:\/\/operacionprotesisdecadera.es\/blog\/wp-json\/wp\/v2\/media\/187"}],"wp:attachment":[{"href":"https:\/\/operacionprotesisdecadera.es\/blog\/wp-json\/wp\/v2\/media?parent=184"}],"wp:term":[{"taxonomy":"category","embeddable":true,"href":"https:\/\/operacionprotesisdecadera.es\/blog\/wp-json\/wp\/v2\/categories?post=184"},{"taxonomy":"post_tag","embeddable":true,"href":"https:\/\/operacionprotesisdecadera.es\/blog\/wp-json\/wp\/v2\/tags?post=184"}],"curies":[{"name":"wp","href":"https:\/\/api.w.org\/{rel}","templated":true}]}}