{"id":169,"date":"2026-03-12T02:30:11","date_gmt":"2026-03-12T01:30:11","guid":{"rendered":"https:\/\/operacionprotesisdecadera.es\/blog\/?p=169"},"modified":"2026-03-12T10:47:01","modified_gmt":"2026-03-12T09:47:01","slug":"cuanto-vale-una-operacion-de-protesis-de-cadera-en-clinica-privada","status":"publish","type":"post","link":"https:\/\/operacionprotesisdecadera.es\/blog\/cuanto-vale-una-operacion-de-protesis-de-cadera-en-clinica-privada\/","title":{"rendered":"Cu\u00e1nto vale una operaci\u00f3n de pr\u00f3tesis de cadera por v\u00eda privada"},"content":{"rendered":"\n<p>La artrosis avanzada o el desgaste progresivo de la articulaci\u00f3n pueden afectar de forma notable la movilidad, la autonom\u00eda y la calidad de vida. Cuando los tratamientos conservadores dejan de ser eficaces, muchas personas valoran la <a rel=\"follow\" href=\"https:\/\/operacionprotesisdecadera.es\/\">operacion protesis de cadera<\/a> como una soluci\u00f3n que les permita recuperar estabilidad, reducir el dolor y retomar actividades cotidianas con mayor seguridad.\n<\/p>\n\n\n\n<p>En el \u00e1mbito privado, cu\u00e1nto vale una operaci\u00f3n de pr\u00f3tesis de cadera privada suele situarse entre <strong>8.000\u20ac y 15.000\u20ac<\/strong>, aunque esta cifra puede variar seg\u00fan el hospital, la tecnolog\u00eda empleada, la experiencia del equipo m\u00e9dico y las caracter\u00edsticas cl\u00ednicas del paciente. Conocer los elementos que influyen en el presupuesto ayuda a tomar decisiones con m\u00e1s previsi\u00f3n y tranquilidad.<\/p>\n\n\n\n<div style=\"background:#F5F7FA; border-left:5px solid #2E6FF2; padding:20px; border-radius:8px; margin-bottom:30px;\">\n    <p><strong>Consideraci\u00f3n antes de valorar la cirug\u00eda<\/strong><\/p>\n    <p>Si el dolor de cadera limita actividades b\u00e1sicas como caminar, descansar o mantener una rutina normal, consultar pronto con un especialista puede ayudar a frenar el deterioro articular y mejorar el pron\u00f3stico del tratamiento.<\/p>\n  <\/div>\n\n\n\n<h2 class=\"wp-block-heading\">Factores que determinan el precio de una pr\u00f3tesis de cadera<\/h2>\n\n\n\n<p>No existe una tarifa \u00fanica. El precio operaci\u00f3n de cadera depende de varios <strong>componentes m\u00e9dicos, t\u00e9cnicos y hospitalarios<\/strong> que se combinan de forma distinta en cada caso. Por eso, dos presupuestos pueden ser diferentes incluso cuando la intervenci\u00f3n parece similar a primera vista.<\/p>\n\n\n\n<h3 class=\"wp-block-heading\">Tipo de pr\u00f3tesis y materiales<\/h3>\n\n\n\n<p>Los implantes pueden fabricarse con <em>titanio, cer\u00e1mica o polietileno de alta densidad<\/em>. La elecci\u00f3n del material influye tanto en la <strong>durabilidad<\/strong> como en la inversi\u00f3n final. En general, los modelos m\u00e1s avanzados ofrecen mejor resistencia al desgaste, una adaptaci\u00f3n biomec\u00e1nica m\u00e1s precisa y una expectativa funcional m\u00e1s prolongada en el tiempo.<\/p>\n\n\n\n<h3 class=\"wp-block-heading\">Honorarios del equipo m\u00e9dico<\/h3>\n\n\n\n<p>La intervenci\u00f3n no depende \u00fanicamente del cirujano principal. En el presupuesto tambi\u00e9n intervienen ayudantes quir\u00fargicos, anestesista y otros profesionales implicados en el procedimiento. La experiencia del especialista forma parte del coste de pr\u00f3tesis de cadera, ya que un equipo con trayectoria espec\u00edfica en este tipo de cirug\u00eda suele aportar <strong>m\u00e1s precisi\u00f3n, m\u00e1s control intraoperatorio y mayor seguridad cl\u00ednica<\/strong>.<\/p>\n\n\n\n<h3 class=\"wp-block-heading\">Estancia hospitalaria<\/h3>\n\n\n\n<p>El n\u00famero de noches ingresado, el tipo de habitaci\u00f3n, los cuidados de enfermer\u00eda y los recursos asistenciales del centro tambi\u00e9n modifican el presupuesto. Dentro de la cirug\u00eda de cadera y su precio, este apartado puede tener bastante peso, sobre todo cuando se busca una <strong>atenci\u00f3n m\u00e1s personalizada<\/strong> o un entorno hospitalario con mayores comodidades.<\/p>\n\n\n\n<h3 class=\"wp-block-heading\">Pruebas preoperatorias y seguimiento<\/h3>\n\n\n\n<p>Anal\u00edticas, radiograf\u00edas, pruebas cardiol\u00f3gicas, revisiones posteriores y controles de evoluci\u00f3n forman parte de los factores del precio de una pr\u00f3tesis de cadera. Aunque a veces se perciben como elementos secundarios, en realidad resultan esenciales para <em>reducir riesgos, anticipar incidencias y favorecer una recuperaci\u00f3n m\u00e1s controlada<\/em>.<\/p>\n\n\n\n<h2 class=\"wp-block-heading\">Desglose estimado de costes<\/h2>\n\n\n\n<p>Para entender mejor el presupuesto, conviene observar los conceptos que normalmente componen la inversi\u00f3n total. Este desglose orientativo permite visualizar de forma m\u00e1s clara qu\u00e9 se est\u00e1 abonando y por qu\u00e9 la cantidad final puede variar entre centros.<\/p>\n\n\n\n<ul class=\"wp-block-list\">\n<li><strong>Gastos hospitalarios:<\/strong>&nbsp;quir\u00f3fano, estancia, medicaci\u00f3n y cuidados durante el ingreso.<\/li>\n\n\n\n<li><strong>Coste del implante:<\/strong>&nbsp;la pieza prot\u00e9sica y sus componentes asociados.<\/li>\n\n\n\n<li><strong>Honorarios profesionales:<\/strong>&nbsp;cirug\u00eda, anestesia y apoyo del equipo m\u00e9dico.<\/li>\n\n\n\n<li><strong>Rehabilitaci\u00f3n inicial:<\/strong>&nbsp;fisioterapia inmediata tras la intervenci\u00f3n.<\/li>\n<\/ul>\n\n\n\n<p>En algunos presupuestos tambi\u00e9n pueden incluirse <em>servicios complementarios, revisiones espec\u00edficas o pruebas a\u00f1adidas<\/em>. Por ello, siempre es recomendable solicitar un documento detallado que permita comparar con mayor transparencia.<\/p>\n\n\n\n<h2 class=\"wp-block-heading\">\u00bfCubre el seguro m\u00e9dico la operaci\u00f3n de cadera?<\/h2>\n\n\n\n<p>Algunas p\u00f3lizas contemplan esta intervenci\u00f3n, aunque normalmente exigen <em>periodos de carencia, autorizaciones previas o limitaciones de cuadro m\u00e9dico<\/em>. Acudir de forma completamente privada permite <strong>elegir centro, cirujano y tiempos de intervenci\u00f3n<\/strong>, mientras que el seguro puede ayudar a reducir el desembolso directo si la cobertura contratada incluye este tipo de cirug\u00eda.<\/p>\n\n\n<div class=\"wp-block-image\">\n<figure class=\"aligncenter size-full\"><img decoding=\"async\" width=\"768\" height=\"427\" loading=\"lazy\" src=\"https:\/\/operacionprotesisdecadera.es\/blog\/wp-content\/uploads\/2026\/03\/coste-cirugia-protesis-cadera.jpg\" alt=\"oste de operaci\u00f3n de pr\u00f3tesis de cadera en cl\u00ednica privada\" class=\"wp-image-176\"\/><\/figure>\n<\/div>\n\n\n<h2 class=\"wp-block-heading\">Ventajas de optar por la v\u00eda privada<\/h2>\n\n\n\n<p>Para muchos pacientes, la sanidad privada representa una alternativa especialmente atractiva cuando el dolor condiciona la vida diaria y se busca una respuesta m\u00e1s r\u00e1pida. M\u00e1s all\u00e1 del precio, tambi\u00e9n influyen otros factores relacionados con la <strong>experiencia global<\/strong> del proceso.<\/p>\n\n\n\n<ul class=\"wp-block-list\">\n<li><strong>Reducci\u00f3n significativa de los tiempos de espera.<\/strong><\/li>\n\n\n\n<li><strong>Posibilidad de elegir al cirujano especialista y al hospital.<\/strong><\/li>\n\n\n\n<li><strong>Atenci\u00f3n m\u00e1s personalizada durante el ingreso y el seguimiento.<\/strong><\/li>\n\n\n\n<li><strong>Acceso a t\u00e9cnicas innovadoras e implantes de \u00faltima generaci\u00f3n.<\/strong><\/li>\n<\/ul>\n\n\n\n<p>Todo ello puede traducirse en una experiencia m\u00e1s ordenada, m\u00e1s c\u00f3moda y mejor adaptada a las necesidades concretas del paciente desde la primera valoraci\u00f3n hasta la recuperaci\u00f3n.<\/p>\n\n\n\n<div style=\"background:#F5F7FA; border-left:5px solid #2E6FF2; padding:20px; border-radius:8px; margin:30px 0;\">\n    <p><strong>Aspectos que influyen en el resultado a largo plazo<\/strong><\/p>\n    <p>Seguir correctamente la rehabilitaci\u00f3n, mantener un peso adecuado y respetar las indicaciones m\u00e9dicas tras la intervenci\u00f3n puede ayudar a prolongar la vida \u00fatil de la pr\u00f3tesis y mejorar la recuperaci\u00f3n funcional.<\/p>\n  <\/div>\n\n\n\n<h2 class=\"wp-block-heading\">Preguntas frecuentes (FAQ)<\/h2>\n\n\n\n<p>Resolvemos dudas habituales relacionadas con el precio, la recuperaci\u00f3n y los aspectos pr\u00e1cticos de esta intervenci\u00f3n:<\/p>\n\n\n\n<h3 class=\"wp-block-heading\">\u00bfLa rehabilitaci\u00f3n est\u00e1 incluida en el precio?<\/h3>\n\n\n\n<p>En muchos presupuestos b\u00e1sicos no se contempla de forma completa, por lo que suele abonarse aparte seg\u00fan el n\u00famero de sesiones y el tipo de seguimiento fisioterap\u00e9utico recomendado.<\/p>\n\n\n\n<h3 class=\"wp-block-heading\">\u00bfQu\u00e9 ocurre si aparecen complicaciones?<\/h3>\n\n\n\n<p>Algunas cl\u00ednicas disponen de coberturas adicionales o seguros espec\u00edficos para incidencias postoperatorias. Por eso conviene revisar con detalle qu\u00e9 incluye el presupuesto antes de tomar una decisi\u00f3n.<\/p>\n\n\n\n<h3 class=\"wp-block-heading\">\u00bfCu\u00e1nto dura una pr\u00f3tesis de alta gama?<\/h3>\n\n\n\n<p>Seg\u00fan el material empleado, la t\u00e9cnica utilizada y el estilo de vida del paciente, la vida \u00fatil puede situarse entre<strong> <\/strong>15 y 25 a\u00f1os. Esta relaci\u00f3n entre <em>precio, resistencia y durabilidad<\/em> es uno de los motivos por los que conviene valorar la inversi\u00f3n con perspectiva.<\/p>\n\n\n\n<p>Valorar esta intervenci\u00f3n implica tener en cuenta tanto los aspectos m\u00e9dicos como los econ\u00f3micos. Comprender de qu\u00e9 depende el presupuesto permite planificar mejor cada paso y tomar la decisi\u00f3n con m\u00e1s confianza. Aunque la inversi\u00f3n puede ser importante, <strong>recuperar movilidad, reducir el dolor y mejorar la autonom\u00eda diaria<\/strong> supone para muchas personas un cambio profundo en su calidad de vida. Solicitar una valoraci\u00f3n personalizada es la mejor forma de conocer opciones, tiempos y alternativas adaptadas a cada caso.<\/p>\n\n\n\n<script type=\"application\/ld+json\">\n{\n  \"@context\": \"https:\/\/schema.org\",\n  \"@type\": \"FAQPage\",\n  \"mainEntity\": [\n    {\n      \"@type\": \"Question\",\n      \"name\": \"\u00bfLa rehabilitaci\u00f3n est\u00e1 incluida en el precio?\",\n      \"acceptedAnswer\": {\n        \"@type\": \"Answer\",\n        \"text\": \"En muchos presupuestos b\u00e1sicos no se contempla de forma completa, por lo que suele abonarse aparte seg\u00fan el n\u00famero de sesiones y el tipo de seguimiento fisioterap\u00e9utico recomendado.\"\n      }\n    },\n    {\n      \"@type\": \"Question\",\n      \"name\": \"\u00bfQu\u00e9 ocurre si aparecen complicaciones?\",\n      \"acceptedAnswer\": {\n        \"@type\": \"Answer\",\n        \"text\": \"Algunas cl\u00ednicas disponen de coberturas adicionales o seguros espec\u00edficos para incidencias postoperatorias. Por eso conviene revisar con detalle qu\u00e9 incluye el presupuesto antes de tomar una decisi\u00f3n.\"\n      }\n    },\n    {\n      \"@type\": \"Question\",\n      \"name\": \"\u00bfCu\u00e1nto dura una pr\u00f3tesis de alta gama?\",\n      \"acceptedAnswer\": {\n        \"@type\": \"Answer\",\n        \"text\": \"Seg\u00fan el material empleado, la t\u00e9cnica utilizada y el estilo de vida del paciente, la vida \u00fatil puede situarse entre 15 y 25 a\u00f1os. Esta relaci\u00f3n entre precio, resistencia y durabilidad es uno de los motivos por los que conviene valorar la inversi\u00f3n con perspectiva.\"\n      }\n    }\n  ]\n}\n<\/script>\n","protected":false},"excerpt":{"rendered":"<p>La artrosis avanzada o el desgaste progresivo de la articulaci\u00f3n pueden afectar&hellip;<\/p>\n","protected":false},"author":1,"featured_media":178,"comment_status":"closed","ping_status":"closed","sticky":false,"template":"","format":"standard","meta":{"footnotes":""},"categories":[2],"tags":[],"class_list":["post-169","post","type-post","status-publish","format-standard","has-post-thumbnail","hentry","category-blog"],"yoast_head":"<!-- This site is optimized with the Yoast SEO plugin v28.3 - https:\/\/yoast.com\/product\/yoast-seo-wordpress\/ -->\n<title>Cu\u00e1nto vale una operaci\u00f3n de pr\u00f3tesis de cadera por v\u00eda privada<\/title>\n<meta name=\"description\" content=\"Precio de la operaci\u00f3n de pr\u00f3tesis de cadera por v\u00eda privada, costes hospitalarios, tipo de implante y factores m\u00e9dicos que pueden influir en el presupuesto final.\" \/>\n<meta name=\"robots\" content=\"index, follow, max-snippet:-1, max-image-preview:large, max-video-preview:-1\" \/>\n<link rel=\"canonical\" href=\"https:\/\/operacionprotesisdecadera.es\/blog\/cuanto-vale-una-operacion-de-protesis-de-cadera-en-clinica-privada\/\" \/>\n<meta property=\"og:locale\" content=\"es_ES\" \/>\n<meta property=\"og:type\" content=\"article\" \/>\n<meta property=\"og:title\" content=\"Cu\u00e1nto vale una operaci\u00f3n de pr\u00f3tesis de cadera por v\u00eda privada\" \/>\n<meta property=\"og:description\" content=\"Precio de la operaci\u00f3n de pr\u00f3tesis de cadera por v\u00eda privada, costes hospitalarios, tipo de implante y factores m\u00e9dicos que pueden influir en el presupuesto final.\" \/>\n<meta property=\"og:url\" content=\"https:\/\/operacionprotesisdecadera.es\/blog\/cuanto-vale-una-operacion-de-protesis-de-cadera-en-clinica-privada\/\" \/>\n<meta property=\"og:site_name\" content=\"Operacion protesis de cadera\" \/>\n<meta property=\"article:published_time\" content=\"2026-03-12T01:30:11+00:00\" \/>\n<meta property=\"article:modified_time\" content=\"2026-03-12T09:47:01+00:00\" \/>\n<meta property=\"og:image\" content=\"https:\/\/operacionprotesisdecadera.es\/blog\/wp-content\/uploads\/2026\/03\/operacion-de-cadera-paso-a-paso.jpg\" \/>\n\t<meta property=\"og:image:width\" content=\"768\" \/>\n\t<meta property=\"og:image:height\" content=\"429\" \/>\n\t<meta property=\"og:image:type\" content=\"image\/jpeg\" \/>\n<meta name=\"author\" content=\"Sofia Martinez\" \/>\n<meta name=\"twitter:card\" content=\"summary_large_image\" \/>\n<meta name=\"twitter:label1\" content=\"Escrito por\" \/>\n\t<meta name=\"twitter:data1\" content=\"Sofia Martinez\" \/>\n\t<meta name=\"twitter:label2\" content=\"Tiempo de lectura\" \/>\n\t<meta name=\"twitter:data2\" content=\"5 minutos\" \/>\n<script type=\"application\/ld+json\" class=\"yoast-schema-graph\">{\"@context\":\"https:\\\/\\\/schema.org\",\"@graph\":[{\"@type\":\"Article\",\"@id\":\"https:\\\/\\\/operacionprotesisdecadera.es\\\/blog\\\/cuanto-vale-una-operacion-de-protesis-de-cadera-en-clinica-privada\\\/#article\",\"isPartOf\":{\"@id\":\"https:\\\/\\\/operacionprotesisdecadera.es\\\/blog\\\/cuanto-vale-una-operacion-de-protesis-de-cadera-en-clinica-privada\\\/\"},\"author\":{\"name\":\"Sofia Martinez\",\"@id\":\"https:\\\/\\\/operacionprotesisdecadera.es\\\/blog\\\/#\\\/schema\\\/person\\\/3d360f366081c3591ca3903fbe9db2fd\"},\"headline\":\"Cu\u00e1nto vale una operaci\u00f3n de pr\u00f3tesis de cadera por v\u00eda privada\",\"datePublished\":\"2026-03-12T01:30:11+00:00\",\"dateModified\":\"2026-03-12T09:47:01+00:00\",\"mainEntityOfPage\":{\"@id\":\"https:\\\/\\\/operacionprotesisdecadera.es\\\/blog\\\/cuanto-vale-una-operacion-de-protesis-de-cadera-en-clinica-privada\\\/\"},\"wordCount\":1097,\"image\":{\"@id\":\"https:\\\/\\\/operacionprotesisdecadera.es\\\/blog\\\/cuanto-vale-una-operacion-de-protesis-de-cadera-en-clinica-privada\\\/#primaryimage\"},\"thumbnailUrl\":\"https:\\\/\\\/operacionprotesisdecadera.es\\\/blog\\\/wp-content\\\/uploads\\\/2026\\\/03\\\/operacion-de-cadera-paso-a-paso.jpg\",\"articleSection\":[\"blog\"],\"inLanguage\":\"es\"},{\"@type\":\"WebPage\",\"@id\":\"https:\\\/\\\/operacionprotesisdecadera.es\\\/blog\\\/cuanto-vale-una-operacion-de-protesis-de-cadera-en-clinica-privada\\\/\",\"url\":\"https:\\\/\\\/operacionprotesisdecadera.es\\\/blog\\\/cuanto-vale-una-operacion-de-protesis-de-cadera-en-clinica-privada\\\/\",\"name\":\"Cu\u00e1nto vale una operaci\u00f3n de pr\u00f3tesis de cadera por v\u00eda privada\",\"isPartOf\":{\"@id\":\"https:\\\/\\\/operacionprotesisdecadera.es\\\/blog\\\/#website\"},\"primaryImageOfPage\":{\"@id\":\"https:\\\/\\\/operacionprotesisdecadera.es\\\/blog\\\/cuanto-vale-una-operacion-de-protesis-de-cadera-en-clinica-privada\\\/#primaryimage\"},\"image\":{\"@id\":\"https:\\\/\\\/operacionprotesisdecadera.es\\\/blog\\\/cuanto-vale-una-operacion-de-protesis-de-cadera-en-clinica-privada\\\/#primaryimage\"},\"thumbnailUrl\":\"https:\\\/\\\/operacionprotesisdecadera.es\\\/blog\\\/wp-content\\\/uploads\\\/2026\\\/03\\\/operacion-de-cadera-paso-a-paso.jpg\",\"datePublished\":\"2026-03-12T01:30:11+00:00\",\"dateModified\":\"2026-03-12T09:47:01+00:00\",\"author\":{\"@id\":\"https:\\\/\\\/operacionprotesisdecadera.es\\\/blog\\\/#\\\/schema\\\/person\\\/3d360f366081c3591ca3903fbe9db2fd\"},\"description\":\"Precio de la operaci\u00f3n de pr\u00f3tesis de cadera por v\u00eda privada, costes hospitalarios, tipo de implante y factores m\u00e9dicos que pueden influir en el presupuesto final.\",\"breadcrumb\":{\"@id\":\"https:\\\/\\\/operacionprotesisdecadera.es\\\/blog\\\/cuanto-vale-una-operacion-de-protesis-de-cadera-en-clinica-privada\\\/#breadcrumb\"},\"inLanguage\":\"es\",\"potentialAction\":[{\"@type\":\"ReadAction\",\"target\":[\"https:\\\/\\\/operacionprotesisdecadera.es\\\/blog\\\/cuanto-vale-una-operacion-de-protesis-de-cadera-en-clinica-privada\\\/\"]}]},{\"@type\":\"ImageObject\",\"inLanguage\":\"es\",\"@id\":\"https:\\\/\\\/operacionprotesisdecadera.es\\\/blog\\\/cuanto-vale-una-operacion-de-protesis-de-cadera-en-clinica-privada\\\/#primaryimage\",\"url\":\"https:\\\/\\\/operacionprotesisdecadera.es\\\/blog\\\/wp-content\\\/uploads\\\/2026\\\/03\\\/operacion-de-cadera-paso-a-paso.jpg\",\"contentUrl\":\"https:\\\/\\\/operacionprotesisdecadera.es\\\/blog\\\/wp-content\\\/uploads\\\/2026\\\/03\\\/operacion-de-cadera-paso-a-paso.jpg\",\"width\":768,\"height\":429,\"caption\":\"cu\u00e1nto vale operarse la cadera\"},{\"@type\":\"WebSite\",\"@id\":\"https:\\\/\\\/operacionprotesisdecadera.es\\\/blog\\\/#website\",\"url\":\"https:\\\/\\\/operacionprotesisdecadera.es\\\/blog\\\/\",\"name\":\"Operacion protesis de cadera\",\"description\":\"peracion protesis de cadera\",\"potentialAction\":[{\"@type\":\"SearchAction\",\"target\":{\"@type\":\"EntryPoint\",\"urlTemplate\":\"https:\\\/\\\/operacionprotesisdecadera.es\\\/blog\\\/?s={search_term_string}\"},\"query-input\":{\"@type\":\"PropertyValueSpecification\",\"valueRequired\":true,\"valueName\":\"search_term_string\"}}],\"inLanguage\":\"es\"},{\"@type\":\"Person\",\"@id\":\"https:\\\/\\\/operacionprotesisdecadera.es\\\/blog\\\/#\\\/schema\\\/person\\\/3d360f366081c3591ca3903fbe9db2fd\",\"name\":\"Sofia Martinez\",\"image\":{\"@type\":\"ImageObject\",\"inLanguage\":\"es\",\"@id\":\"https:\\\/\\\/operacionprotesisdecadera.es\\\/blog\\\/wp-content\\\/uploads\\\/2026\\\/02\\\/dra--sofia-mendez-150x150.webp\",\"url\":\"https:\\\/\\\/operacionprotesisdecadera.es\\\/blog\\\/wp-content\\\/uploads\\\/2026\\\/02\\\/dra--sofia-mendez-150x150.webp\",\"contentUrl\":\"https:\\\/\\\/operacionprotesisdecadera.es\\\/blog\\\/wp-content\\\/uploads\\\/2026\\\/02\\\/dra--sofia-mendez-150x150.webp\",\"caption\":\"Sofia Martinez\"},\"sameAs\":[\"https:\\\/\\\/operacionprotesisdecadera.es\\\/blog\"]}]}<\/script>\n<!-- \/ Yoast SEO plugin. -->","yoast_head_json":{"title":"Cu\u00e1nto vale una operaci\u00f3n de pr\u00f3tesis de cadera por v\u00eda privada","description":"Precio de la operaci\u00f3n de pr\u00f3tesis de cadera por v\u00eda privada, costes hospitalarios, tipo de implante y factores m\u00e9dicos que pueden influir en el presupuesto final.","robots":{"index":"index","follow":"follow","max-snippet":"max-snippet:-1","max-image-preview":"max-image-preview:large","max-video-preview":"max-video-preview:-1"},"canonical":"https:\/\/operacionprotesisdecadera.es\/blog\/cuanto-vale-una-operacion-de-protesis-de-cadera-en-clinica-privada\/","og_locale":"es_ES","og_type":"article","og_title":"Cu\u00e1nto vale una operaci\u00f3n de pr\u00f3tesis de cadera por v\u00eda privada","og_description":"Precio de la operaci\u00f3n de pr\u00f3tesis de cadera por v\u00eda privada, costes hospitalarios, tipo de implante y factores m\u00e9dicos que pueden influir en el presupuesto final.","og_url":"https:\/\/operacionprotesisdecadera.es\/blog\/cuanto-vale-una-operacion-de-protesis-de-cadera-en-clinica-privada\/","og_site_name":"Operacion protesis de cadera","article_published_time":"2026-03-12T01:30:11+00:00","article_modified_time":"2026-03-12T09:47:01+00:00","og_image":[{"width":768,"height":429,"url":"https:\/\/operacionprotesisdecadera.es\/blog\/wp-content\/uploads\/2026\/03\/operacion-de-cadera-paso-a-paso.jpg","type":"image\/jpeg"}],"author":"Sofia Martinez","twitter_card":"summary_large_image","twitter_misc":{"Escrito por":"Sofia Martinez","Tiempo de lectura":"5 minutos"},"schema":{"@context":"https:\/\/schema.org","@graph":[{"@type":"Article","@id":"https:\/\/operacionprotesisdecadera.es\/blog\/cuanto-vale-una-operacion-de-protesis-de-cadera-en-clinica-privada\/#article","isPartOf":{"@id":"https:\/\/operacionprotesisdecadera.es\/blog\/cuanto-vale-una-operacion-de-protesis-de-cadera-en-clinica-privada\/"},"author":{"name":"Sofia Martinez","@id":"https:\/\/operacionprotesisdecadera.es\/blog\/#\/schema\/person\/3d360f366081c3591ca3903fbe9db2fd"},"headline":"Cu\u00e1nto vale una operaci\u00f3n de pr\u00f3tesis de cadera por v\u00eda privada","datePublished":"2026-03-12T01:30:11+00:00","dateModified":"2026-03-12T09:47:01+00:00","mainEntityOfPage":{"@id":"https:\/\/operacionprotesisdecadera.es\/blog\/cuanto-vale-una-operacion-de-protesis-de-cadera-en-clinica-privada\/"},"wordCount":1097,"image":{"@id":"https:\/\/operacionprotesisdecadera.es\/blog\/cuanto-vale-una-operacion-de-protesis-de-cadera-en-clinica-privada\/#primaryimage"},"thumbnailUrl":"https:\/\/operacionprotesisdecadera.es\/blog\/wp-content\/uploads\/2026\/03\/operacion-de-cadera-paso-a-paso.jpg","articleSection":["blog"],"inLanguage":"es"},{"@type":"WebPage","@id":"https:\/\/operacionprotesisdecadera.es\/blog\/cuanto-vale-una-operacion-de-protesis-de-cadera-en-clinica-privada\/","url":"https:\/\/operacionprotesisdecadera.es\/blog\/cuanto-vale-una-operacion-de-protesis-de-cadera-en-clinica-privada\/","name":"Cu\u00e1nto vale una operaci\u00f3n de pr\u00f3tesis de cadera por v\u00eda privada","isPartOf":{"@id":"https:\/\/operacionprotesisdecadera.es\/blog\/#website"},"primaryImageOfPage":{"@id":"https:\/\/operacionprotesisdecadera.es\/blog\/cuanto-vale-una-operacion-de-protesis-de-cadera-en-clinica-privada\/#primaryimage"},"image":{"@id":"https:\/\/operacionprotesisdecadera.es\/blog\/cuanto-vale-una-operacion-de-protesis-de-cadera-en-clinica-privada\/#primaryimage"},"thumbnailUrl":"https:\/\/operacionprotesisdecadera.es\/blog\/wp-content\/uploads\/2026\/03\/operacion-de-cadera-paso-a-paso.jpg","datePublished":"2026-03-12T01:30:11+00:00","dateModified":"2026-03-12T09:47:01+00:00","author":{"@id":"https:\/\/operacionprotesisdecadera.es\/blog\/#\/schema\/person\/3d360f366081c3591ca3903fbe9db2fd"},"description":"Precio de la operaci\u00f3n de pr\u00f3tesis de cadera por v\u00eda privada, costes hospitalarios, tipo de implante y factores m\u00e9dicos que pueden influir en el presupuesto final.","breadcrumb":{"@id":"https:\/\/operacionprotesisdecadera.es\/blog\/cuanto-vale-una-operacion-de-protesis-de-cadera-en-clinica-privada\/#breadcrumb"},"inLanguage":"es","potentialAction":[{"@type":"ReadAction","target":["https:\/\/operacionprotesisdecadera.es\/blog\/cuanto-vale-una-operacion-de-protesis-de-cadera-en-clinica-privada\/"]}]},{"@type":"ImageObject","inLanguage":"es","@id":"https:\/\/operacionprotesisdecadera.es\/blog\/cuanto-vale-una-operacion-de-protesis-de-cadera-en-clinica-privada\/#primaryimage","url":"https:\/\/operacionprotesisdecadera.es\/blog\/wp-content\/uploads\/2026\/03\/operacion-de-cadera-paso-a-paso.jpg","contentUrl":"https:\/\/operacionprotesisdecadera.es\/blog\/wp-content\/uploads\/2026\/03\/operacion-de-cadera-paso-a-paso.jpg","width":768,"height":429,"caption":"cu\u00e1nto vale operarse la cadera"},{"@type":"WebSite","@id":"https:\/\/operacionprotesisdecadera.es\/blog\/#website","url":"https:\/\/operacionprotesisdecadera.es\/blog\/","name":"Operacion protesis de cadera","description":"peracion protesis de cadera","potentialAction":[{"@type":"SearchAction","target":{"@type":"EntryPoint","urlTemplate":"https:\/\/operacionprotesisdecadera.es\/blog\/?s={search_term_string}"},"query-input":{"@type":"PropertyValueSpecification","valueRequired":true,"valueName":"search_term_string"}}],"inLanguage":"es"},{"@type":"Person","@id":"https:\/\/operacionprotesisdecadera.es\/blog\/#\/schema\/person\/3d360f366081c3591ca3903fbe9db2fd","name":"Sofia Martinez","image":{"@type":"ImageObject","inLanguage":"es","@id":"https:\/\/operacionprotesisdecadera.es\/blog\/wp-content\/uploads\/2026\/02\/dra--sofia-mendez-150x150.webp","url":"https:\/\/operacionprotesisdecadera.es\/blog\/wp-content\/uploads\/2026\/02\/dra--sofia-mendez-150x150.webp","contentUrl":"https:\/\/operacionprotesisdecadera.es\/blog\/wp-content\/uploads\/2026\/02\/dra--sofia-mendez-150x150.webp","caption":"Sofia Martinez"},"sameAs":["https:\/\/operacionprotesisdecadera.es\/blog"]}]}},"_links":{"self":[{"href":"https:\/\/operacionprotesisdecadera.es\/blog\/wp-json\/wp\/v2\/posts\/169","targetHints":{"allow":["GET"]}}],"collection":[{"href":"https:\/\/operacionprotesisdecadera.es\/blog\/wp-json\/wp\/v2\/posts"}],"about":[{"href":"https:\/\/operacionprotesisdecadera.es\/blog\/wp-json\/wp\/v2\/types\/post"}],"author":[{"embeddable":true,"href":"https:\/\/operacionprotesisdecadera.es\/blog\/wp-json\/wp\/v2\/users\/1"}],"replies":[{"embeddable":true,"href":"https:\/\/operacionprotesisdecadera.es\/blog\/wp-json\/wp\/v2\/comments?post=169"}],"version-history":[{"count":13,"href":"https:\/\/operacionprotesisdecadera.es\/blog\/wp-json\/wp\/v2\/posts\/169\/revisions"}],"predecessor-version":[{"id":194,"href":"https:\/\/operacionprotesisdecadera.es\/blog\/wp-json\/wp\/v2\/posts\/169\/revisions\/194"}],"wp:featuredmedia":[{"embeddable":true,"href":"https:\/\/operacionprotesisdecadera.es\/blog\/wp-json\/wp\/v2\/media\/178"}],"wp:attachment":[{"href":"https:\/\/operacionprotesisdecadera.es\/blog\/wp-json\/wp\/v2\/media?parent=169"}],"wp:term":[{"taxonomy":"category","embeddable":true,"href":"https:\/\/operacionprotesisdecadera.es\/blog\/wp-json\/wp\/v2\/categories?post=169"},{"taxonomy":"post_tag","embeddable":true,"href":"https:\/\/operacionprotesisdecadera.es\/blog\/wp-json\/wp\/v2\/tags?post=169"}],"curies":[{"name":"wp","href":"https:\/\/api.w.org\/{rel}","templated":true}]}}