{"id":158,"date":"2026-03-12T01:29:49","date_gmt":"2026-03-12T00:29:49","guid":{"rendered":"https:\/\/operacionprotesisdecadera.es\/blog\/?p=158"},"modified":"2026-03-12T10:49:34","modified_gmt":"2026-03-12T09:49:34","slug":"cuanto-cuesta-una-operacion-de-protesis-de-cadera-factores-clave","status":"publish","type":"post","link":"https:\/\/operacionprotesisdecadera.es\/blog\/cuanto-cuesta-una-operacion-de-protesis-de-cadera-factores-clave\/","title":{"rendered":"\u00bfCu\u00e1nto cuesta una operaci\u00f3n de pr\u00f3tesis de cadera? Factores clave"},"content":{"rendered":"\n<p>El dolor persistente al caminar, la rigidez articular o la dificultad para realizar actividades cotidianas pueden indicar un <strong>deterioro progresivo de la articulaci\u00f3n<\/strong>. Cuando los tratamientos conservadores dejan de ser eficaces, muchas personas comienzan a informarse sobre cu\u00e1nto cuesta una operaci\u00f3n de pr\u00f3tesis de cadera y qu\u00e9 aspectos deben tener en cuenta antes de tomar una decisi\u00f3n.<\/p>\n\n\n\n<p>Comprender el coste de esta intervenci\u00f3n no solo implica conocer una cifra aproximada, sino tambi\u00e9n entender qu\u00e9 incluye el tratamiento, qu\u00e9 factores pueden modificar el presupuesto y c\u00f3mo influye la cirug\u00eda en la <strong>calidad de vida a medio y largo plazo<\/strong>. Esta informaci\u00f3n permite analizar opciones con mayor seguridad y planificar el proceso de forma m\u00e1s tranquila.<\/p>\n\n\n\n<h2 class=\"wp-block-heading\">Qu\u00e9 factores influyen en el coste de una operaci\u00f3n de pr\u00f3tesis de cadera<\/h2>\n\n\n\n<p>\n    El coste total de la intervenci\u00f3n depende de diferentes variables m\u00e9dicas, t\u00e9cnicas y organizativas. Analizar estos elementos ayuda a comprender por qu\u00e9 los presupuestos pueden variar entre centros sanitarios y por qu\u00e9 no siempre existe una cifra \u00fanica aplicable a todos los pacientes.\n  <\/p>\n\n\n\n<h3 class=\"wp-block-heading\">Tipo de pr\u00f3tesis y materiales del implante<\/h3>\n\n\n\n<p>\n    Uno de los aspectos m\u00e1s relevantes es la elecci\u00f3n del implante. Existen <em>pr\u00f3tesis est\u00e1ndar<\/em> y modelos fabricados con <strong>materiales avanzados como cer\u00e1mica o aleaciones met\u00e1licas de alta resistencia<\/strong>.\n  <\/p>\n\n\n\n<p>\n    Estas pr\u00f3tesis suelen ofrecer <em>mayor durabilidad, mejor integraci\u00f3n \u00f3sea y menor desgaste<\/em>, lo que puede influir directamente en el <strong>precio operaci\u00f3n pr\u00f3tesis de cadera<\/strong>. La elecci\u00f3n suele basarse en factores como la edad del paciente, su nivel de actividad o la calidad del hueso.\n  <\/p>\n\n\n\n<h3 class=\"wp-block-heading\">Experiencia del traumat\u00f3logo especialista<\/h3>\n\n\n\n<p>\n    La intervenci\u00f3n es realizada habitualmente por un <strong>traumat\u00f3logo experto en cirug\u00eda de cadera<\/strong>, junto a un equipo quir\u00fargico especializado. La trayectoria profesional, el volumen de intervenciones realizadas y la tecnolog\u00eda disponible en el centro pueden influir tanto en el presupuesto como en la <em>seguridad del procedimiento<\/em>.\n  <\/p>\n\n\n\n<h3 class=\"wp-block-heading\">Complejidad del caso cl\u00ednico<\/h3>\n\n\n\n<p>\n    Cada paciente presenta caracter\u00edsticas distintas. Factores como <em>deformidades articulares, cirug\u00edas previas, enfermedades asociadas o desgaste severo<\/em> pueden requerir t\u00e9cnicas quir\u00fargicas m\u00e1s espec\u00edficas.\n  <\/p>\n\n\n\n<p>\n    Esto puede aumentar el tiempo en quir\u00f3fano y, en consecuencia, modificar el coste global de la cirug\u00eda. Por eso, una valoraci\u00f3n individualizada sigue siendo esencial antes de comparar presupuestos.\n  <\/p>\n\n\n\n<h3 class=\"wp-block-heading\">Hospitalizaci\u00f3n y recursos sanitarios<\/h3>\n\n\n\n<p>\n    El uso del quir\u00f3fano, el material m\u00e9dico, la medicaci\u00f3n, la atenci\u00f3n de enfermer\u00eda y la estancia hospitalaria forman parte del presupuesto. Habitualmente, el ingreso se sit\u00faa entre <strong>tres y cinco d\u00edas<\/strong>, aunque puede variar seg\u00fan la evoluci\u00f3n del paciente.\n  <\/p>\n\n\n\n<h2 class=\"wp-block-heading\">Cu\u00e1nto puede costar una operaci\u00f3n de pr\u00f3tesis de cadera en cl\u00ednicas privadas<\/h2>\n\n\n\n<p>\n    Aunque cada centro puede establecer sus propios honorarios, existen rangos econ\u00f3micos orientativos que permiten hacerse una idea aproximada del coste total. Este tipo de referencia resulta \u00fatil para quienes est\u00e1n valorando opciones y desean entender mejor c\u00f3mo se distribuye el presupuesto.\n  <\/p>\n\n\n\n<div style=\"height:41px\" aria-hidden=\"true\" class=\"wp-block-spacer\"><\/div>\n\n\n\n<div class=\"tabla-responsive\">\n    <table>\n      <thead>\n        <tr>\n          <th>Concepto<\/th>\n          <th>Coste estimado<\/th>\n        <\/tr>\n      <\/thead>\n      <tbody>\n        <tr>\n          <td>Pr\u00f3tesis de cadera<\/td>\n          <td>3.000 \u20ac \u2013 5.500 \u20ac<\/td>\n        <\/tr>\n        <tr>\n          <td>Honorarios quir\u00fargicos<\/td>\n          <td>3.500 \u20ac \u2013 6.500 \u20ac<\/td>\n        <\/tr>\n        <tr>\n          <td>Hospitalizaci\u00f3n y quir\u00f3fano<\/td>\n          <td>3.000 \u20ac \u2013 6.500 \u20ac<\/td>\n        <\/tr>\n        <tr>\n          <td><strong>Precio total aproximado<\/strong><\/td>\n          <td><strong>9.500 \u20ac \u2013 18.500 \u20ac<\/strong><\/td>\n        <\/tr>\n      <\/tbody>\n    <\/table>\n  <\/div>\n\n\n\n<div style=\"height:41px\" aria-hidden=\"true\" class=\"wp-block-spacer\"><\/div>\n\n\n\n<p>\n    En determinados casos, como intervenciones complejas o el uso de <em>tecnolog\u00eda quir\u00fargica m\u00ednimamente invasiva<\/em>, el presupuesto puede ser superior. Por ello, solicitar una valoraci\u00f3n personalizada es el paso m\u00e1s recomendable antes de decidir.\n  <\/p>\n\n\n\n<p>\n    Para conocer con mayor detalle c\u00f3mo se organiza el proceso completo de la <a href=\"https:\/\/operacionprotesisdecadera.es\/\" rel=\"follow\">operaci\u00f3n pr\u00f3tesis de cadera<\/a>, resulta \u00fatil consultar informaci\u00f3n m\u00e9dica especializada sobre las fases del tratamiento y la recuperaci\u00f3n.\n  <\/p>\n\n\n\n<h2 class=\"wp-block-heading\">Qu\u00e9 suele incluir un presupuesto quir\u00fargico completo<\/h2>\n\n\n\n<p>\n    Comprender qu\u00e9 servicios est\u00e1n incluidos en el presupuesto ayuda a evitar incertidumbres y permite comparar distintas opciones con mayor claridad. Un presupuesto bien detallado tambi\u00e9n transmite mayor transparencia y facilita la toma de decisiones.\n  <\/p>\n\n\n\n<ul class=\"wp-block-list\">\n<li>Valoraci\u00f3n preoperatoria y pruebas diagn\u00f3sticas<\/li>\n\n\n\n<li>Selecci\u00f3n del implante y planificaci\u00f3n quir\u00fargica<\/li>\n\n\n\n<li>Honorarios del equipo m\u00e9dico y anestesia<\/li>\n\n\n\n<li>Uso de quir\u00f3fano y material sanitario<\/li>\n\n\n\n<li>Estancia hospitalaria<\/li>\n\n\n\n<li>Medicaci\u00f3n durante el ingreso<\/li>\n\n\n\n<li>Revisiones de seguimiento tras el alta<\/li>\n<\/ul>\n\n\n\n<p><br>    Esta informaci\u00f3n permite analizar la intervenci\u00f3n desde una perspectiva global y no \u00fanicamente econ\u00f3mica. En muchos casos, entender bien lo que incluye el presupuesto evita comparaciones poco precisas entre cl\u00ednicas o tratamientos.<\/p>\n\n\n\n<h2 class=\"wp-block-heading\">Opciones de financiaci\u00f3n y cobertura sanitaria<\/h2>\n\n\n\n<p>\n    En algunos casos, las p\u00f3lizas de salud pueden cubrir parte del procedimiento si existe indicaci\u00f3n m\u00e9dica. Tambi\u00e9n es frecuente que determinados centros ofrezcan <em>planes de financiaci\u00f3n sanitaria<\/em>, permitiendo distribuir el coste en varios meses.\n  <\/p>\n\n\n\n<p>\n    Analizar estas alternativas con calma puede facilitar la planificaci\u00f3n econ\u00f3mica del tratamiento y aportar mayor tranquilidad antes de afrontar la intervenci\u00f3n.\n  <\/p>\n\n\n\n<h2 class=\"wp-block-heading\">Valorar el precio desde el impacto en la calidad de vida<\/h2>\n\n\n\n<p>\n    El coste de la cirug\u00eda suele analizarse junto con los beneficios funcionales que puede aportar. <em>Reducir el dolor, recuperar la movilidad y volver a realizar actividades cotidianas<\/em> son objetivos habituales tras la intervenci\u00f3n.\n  <\/p>\n\n\n\n<p>Contar con informaci\u00f3n fiable, resolver dudas con un especialista y comprender las diferentes fases del tratamiento permite afrontar la decisi\u00f3n con mayor <strong>confianza y seguridad<\/strong>. Cuando el dolor limita el d\u00eda a d\u00eda, valorar correctamente el presupuesto tambi\u00e9n significa valorar una posible mejora real en bienestar, autonom\u00eda y calidad de vida. <\/p>\n\n\n\n<h2 class=\"wp-block-heading\">Preguntas frecuentes (FAQ)<\/h2>\n\n\n\n<p>Resolver estas dudas permite tomar decisiones informadas y planificar con mayor tranquilidad cada etapa del tratamiento:<\/p>\n\n\n\n<h3 class=\"wp-block-heading\">\u00bfCu\u00e1nto dura una pr\u00f3tesis de cadera moderna?<\/h3>\n\n\n\n<p>\n      La duraci\u00f3n media de una pr\u00f3tesis de cadera suele situarse entre <strong>15 y 25 a\u00f1os<\/strong>, aunque puede variar seg\u00fan el tipo de implante, el nivel de actividad del paciente y su estado de salud general. Las pr\u00f3tesis fabricadas con materiales avanzados pueden ofrecer una mayor resistencia al desgaste.\n    <\/p>\n\n\n\n<h3 class=\"wp-block-heading\">\u00bfEs m\u00e1s cara una segunda operaci\u00f3n de pr\u00f3tesis de cadera?<\/h3>\n\n\n\n<p>\n      La cirug\u00eda de revisi\u00f3n suele ser <strong>m\u00e1s compleja que la intervenci\u00f3n inicial<\/strong>, ya que puede requerir retirar el implante anterior, reconstruir estructuras \u00f3seas o utilizar pr\u00f3tesis especiales. Esto puede influir en el tiempo quir\u00fargico y en el coste global del procedimiento.\n    <\/p>\n\n\n\n<h3 class=\"wp-block-heading\">\u00bfCu\u00e1ndo es recomendable plantearse la cirug\u00eda de cadera?<\/h3>\n\n\n\n<p>\n      La intervenci\u00f3n suele valorarse cuando el <em>dolor limita la movilidad, afecta al descanso o reduce la autonom\u00eda<\/em> en las actividades cotidianas. Si los tratamientos conservadores no ofrecen mejor\u00eda, consultar con un especialista permite analizar si la cirug\u00eda puede ser la opci\u00f3n m\u00e1s adecuada.\n    <\/p>\n\n\n\n<script type=\"application\/ld+json\">\n{\n  \"@context\": \"https:\/\/schema.org\",\n  \"@type\": \"FAQPage\",\n  \"mainEntity\": [\n    {\n      \"@type\": \"Question\",\n      \"name\": \"\u00bfCu\u00e1nto dura una pr\u00f3tesis de cadera moderna?\",\n      \"acceptedAnswer\": {\n        \"@type\": \"Answer\",\n        \"text\": \"La duraci\u00f3n media de una pr\u00f3tesis de cadera suele situarse entre 15 y 25 a\u00f1os, aunque puede variar seg\u00fan el tipo de implante, el nivel de actividad del paciente y su estado de salud general. Las pr\u00f3tesis fabricadas con materiales avanzados pueden ofrecer una mayor resistencia al desgaste.\"\n      }\n    },\n    {\n      \"@type\": \"Question\",\n      \"name\": \"\u00bfEs m\u00e1s cara una segunda operaci\u00f3n de pr\u00f3tesis de cadera?\",\n      \"acceptedAnswer\": {\n        \"@type\": \"Answer\",\n        \"text\": \"La cirug\u00eda de revisi\u00f3n suele ser m\u00e1s compleja que la intervenci\u00f3n inicial, ya que puede requerir retirar el implante anterior, reconstruir estructuras \u00f3seas o utilizar pr\u00f3tesis especiales. Esto puede influir en el tiempo quir\u00fargico y en el coste global del procedimiento.\"\n      }\n    },\n    {\n      \"@type\": \"Question\",\n      \"name\": \"\u00bfCu\u00e1ndo es recomendable plantearse la cirug\u00eda de cadera?\",\n      \"acceptedAnswer\": {\n        \"@type\": \"Answer\",\n        \"text\": \"La intervenci\u00f3n suele valorarse cuando el dolor limita la movilidad, afecta al descanso o reduce la autonom\u00eda en las actividades cotidianas. Si los tratamientos conservadores no ofrecen mejor\u00eda, consultar con un especialista permite analizar si la cirug\u00eda puede ser la opci\u00f3n m\u00e1s adecuada.\"\n      }\n    }\n  ]\n}\n<\/script>\n","protected":false},"excerpt":{"rendered":"<p>El dolor persistente al caminar, la rigidez articular o la dificultad para&hellip;<\/p>\n","protected":false},"author":1,"featured_media":164,"comment_status":"closed","ping_status":"closed","sticky":false,"template":"","format":"standard","meta":{"footnotes":""},"categories":[2],"tags":[],"class_list":["post-158","post","type-post","status-publish","format-standard","has-post-thumbnail","hentry","category-blog"],"yoast_head":"<!-- This site is optimized with the Yoast SEO plugin v28.3 - https:\/\/yoast.com\/product\/yoast-seo-wordpress\/ -->\n<title>Cu\u00e1nto cuesta una operaci\u00f3n de pr\u00f3tesis de cadera: precios y gu\u00eda<\/title>\n<meta name=\"description\" content=\"Consulta cu\u00e1nto cuesta operarse de la cadera con pr\u00f3tesis, factores que influyen en el precio, opciones de tratamiento y recomendaciones antes de la intervenci\u00f3n.\" \/>\n<meta name=\"robots\" content=\"index, follow, max-snippet:-1, max-image-preview:large, max-video-preview:-1\" \/>\n<link rel=\"canonical\" href=\"https:\/\/operacionprotesisdecadera.es\/blog\/cuanto-cuesta-una-operacion-de-protesis-de-cadera-factores-clave\/\" \/>\n<meta property=\"og:locale\" content=\"es_ES\" \/>\n<meta property=\"og:type\" content=\"article\" \/>\n<meta property=\"og:title\" content=\"Cu\u00e1nto cuesta una operaci\u00f3n de pr\u00f3tesis de cadera: precios y gu\u00eda\" \/>\n<meta property=\"og:description\" content=\"Consulta cu\u00e1nto cuesta operarse de la cadera con pr\u00f3tesis, factores que influyen en el precio, opciones de tratamiento y recomendaciones antes de la intervenci\u00f3n.\" \/>\n<meta property=\"og:url\" content=\"https:\/\/operacionprotesisdecadera.es\/blog\/cuanto-cuesta-una-operacion-de-protesis-de-cadera-factores-clave\/\" \/>\n<meta property=\"og:site_name\" content=\"Operacion protesis de cadera\" \/>\n<meta property=\"article:published_time\" content=\"2026-03-12T00:29:49+00:00\" \/>\n<meta property=\"article:modified_time\" content=\"2026-03-12T09:49:34+00:00\" \/>\n<meta property=\"og:image\" content=\"https:\/\/operacionprotesisdecadera.es\/blog\/wp-content\/uploads\/2026\/03\/coste-operacion-protesis-cadera.jpg\" \/>\n\t<meta property=\"og:image:width\" content=\"768\" \/>\n\t<meta property=\"og:image:height\" content=\"381\" \/>\n\t<meta property=\"og:image:type\" content=\"image\/jpeg\" \/>\n<meta name=\"author\" content=\"Sofia Martinez\" \/>\n<meta name=\"twitter:card\" content=\"summary_large_image\" \/>\n<meta name=\"twitter:label1\" content=\"Escrito por\" \/>\n\t<meta name=\"twitter:data1\" content=\"Sofia Martinez\" \/>\n\t<meta name=\"twitter:label2\" content=\"Tiempo de lectura\" \/>\n\t<meta name=\"twitter:data2\" content=\"5 minutos\" \/>\n<script type=\"application\/ld+json\" class=\"yoast-schema-graph\">{\"@context\":\"https:\\\/\\\/schema.org\",\"@graph\":[{\"@type\":\"Article\",\"@id\":\"https:\\\/\\\/operacionprotesisdecadera.es\\\/blog\\\/cuanto-cuesta-una-operacion-de-protesis-de-cadera-factores-clave\\\/#article\",\"isPartOf\":{\"@id\":\"https:\\\/\\\/operacionprotesisdecadera.es\\\/blog\\\/cuanto-cuesta-una-operacion-de-protesis-de-cadera-factores-clave\\\/\"},\"author\":{\"name\":\"Sofia Martinez\",\"@id\":\"https:\\\/\\\/operacionprotesisdecadera.es\\\/blog\\\/#\\\/schema\\\/person\\\/3d360f366081c3591ca3903fbe9db2fd\"},\"headline\":\"\u00bfCu\u00e1nto cuesta una operaci\u00f3n de pr\u00f3tesis de cadera? Factores clave\",\"datePublished\":\"2026-03-12T00:29:49+00:00\",\"dateModified\":\"2026-03-12T09:49:34+00:00\",\"mainEntityOfPage\":{\"@id\":\"https:\\\/\\\/operacionprotesisdecadera.es\\\/blog\\\/cuanto-cuesta-una-operacion-de-protesis-de-cadera-factores-clave\\\/\"},\"wordCount\":1111,\"image\":{\"@id\":\"https:\\\/\\\/operacionprotesisdecadera.es\\\/blog\\\/cuanto-cuesta-una-operacion-de-protesis-de-cadera-factores-clave\\\/#primaryimage\"},\"thumbnailUrl\":\"https:\\\/\\\/operacionprotesisdecadera.es\\\/blog\\\/wp-content\\\/uploads\\\/2026\\\/03\\\/coste-operacion-protesis-cadera.jpg\",\"articleSection\":[\"blog\"],\"inLanguage\":\"es\"},{\"@type\":\"WebPage\",\"@id\":\"https:\\\/\\\/operacionprotesisdecadera.es\\\/blog\\\/cuanto-cuesta-una-operacion-de-protesis-de-cadera-factores-clave\\\/\",\"url\":\"https:\\\/\\\/operacionprotesisdecadera.es\\\/blog\\\/cuanto-cuesta-una-operacion-de-protesis-de-cadera-factores-clave\\\/\",\"name\":\"Cu\u00e1nto cuesta una operaci\u00f3n de pr\u00f3tesis de cadera: precios y gu\u00eda\",\"isPartOf\":{\"@id\":\"https:\\\/\\\/operacionprotesisdecadera.es\\\/blog\\\/#website\"},\"primaryImageOfPage\":{\"@id\":\"https:\\\/\\\/operacionprotesisdecadera.es\\\/blog\\\/cuanto-cuesta-una-operacion-de-protesis-de-cadera-factores-clave\\\/#primaryimage\"},\"image\":{\"@id\":\"https:\\\/\\\/operacionprotesisdecadera.es\\\/blog\\\/cuanto-cuesta-una-operacion-de-protesis-de-cadera-factores-clave\\\/#primaryimage\"},\"thumbnailUrl\":\"https:\\\/\\\/operacionprotesisdecadera.es\\\/blog\\\/wp-content\\\/uploads\\\/2026\\\/03\\\/coste-operacion-protesis-cadera.jpg\",\"datePublished\":\"2026-03-12T00:29:49+00:00\",\"dateModified\":\"2026-03-12T09:49:34+00:00\",\"author\":{\"@id\":\"https:\\\/\\\/operacionprotesisdecadera.es\\\/blog\\\/#\\\/schema\\\/person\\\/3d360f366081c3591ca3903fbe9db2fd\"},\"description\":\"Consulta cu\u00e1nto cuesta operarse de la cadera con pr\u00f3tesis, factores que influyen en el precio, opciones de tratamiento y recomendaciones antes de la intervenci\u00f3n.\",\"breadcrumb\":{\"@id\":\"https:\\\/\\\/operacionprotesisdecadera.es\\\/blog\\\/cuanto-cuesta-una-operacion-de-protesis-de-cadera-factores-clave\\\/#breadcrumb\"},\"inLanguage\":\"es\",\"potentialAction\":[{\"@type\":\"ReadAction\",\"target\":[\"https:\\\/\\\/operacionprotesisdecadera.es\\\/blog\\\/cuanto-cuesta-una-operacion-de-protesis-de-cadera-factores-clave\\\/\"]}]},{\"@type\":\"ImageObject\",\"inLanguage\":\"es\",\"@id\":\"https:\\\/\\\/operacionprotesisdecadera.es\\\/blog\\\/cuanto-cuesta-una-operacion-de-protesis-de-cadera-factores-clave\\\/#primaryimage\",\"url\":\"https:\\\/\\\/operacionprotesisdecadera.es\\\/blog\\\/wp-content\\\/uploads\\\/2026\\\/03\\\/coste-operacion-protesis-cadera.jpg\",\"contentUrl\":\"https:\\\/\\\/operacionprotesisdecadera.es\\\/blog\\\/wp-content\\\/uploads\\\/2026\\\/03\\\/coste-operacion-protesis-cadera.jpg\",\"width\":768,\"height\":381},{\"@type\":\"WebSite\",\"@id\":\"https:\\\/\\\/operacionprotesisdecadera.es\\\/blog\\\/#website\",\"url\":\"https:\\\/\\\/operacionprotesisdecadera.es\\\/blog\\\/\",\"name\":\"Operacion protesis de cadera\",\"description\":\"peracion protesis de cadera\",\"potentialAction\":[{\"@type\":\"SearchAction\",\"target\":{\"@type\":\"EntryPoint\",\"urlTemplate\":\"https:\\\/\\\/operacionprotesisdecadera.es\\\/blog\\\/?s={search_term_string}\"},\"query-input\":{\"@type\":\"PropertyValueSpecification\",\"valueRequired\":true,\"valueName\":\"search_term_string\"}}],\"inLanguage\":\"es\"},{\"@type\":\"Person\",\"@id\":\"https:\\\/\\\/operacionprotesisdecadera.es\\\/blog\\\/#\\\/schema\\\/person\\\/3d360f366081c3591ca3903fbe9db2fd\",\"name\":\"Sofia Martinez\",\"image\":{\"@type\":\"ImageObject\",\"inLanguage\":\"es\",\"@id\":\"https:\\\/\\\/operacionprotesisdecadera.es\\\/blog\\\/wp-content\\\/uploads\\\/2026\\\/02\\\/dra--sofia-mendez-150x150.webp\",\"url\":\"https:\\\/\\\/operacionprotesisdecadera.es\\\/blog\\\/wp-content\\\/uploads\\\/2026\\\/02\\\/dra--sofia-mendez-150x150.webp\",\"contentUrl\":\"https:\\\/\\\/operacionprotesisdecadera.es\\\/blog\\\/wp-content\\\/uploads\\\/2026\\\/02\\\/dra--sofia-mendez-150x150.webp\",\"caption\":\"Sofia Martinez\"},\"sameAs\":[\"https:\\\/\\\/operacionprotesisdecadera.es\\\/blog\"]}]}<\/script>\n<!-- \/ Yoast SEO plugin. -->","yoast_head_json":{"title":"Cu\u00e1nto cuesta una operaci\u00f3n de pr\u00f3tesis de cadera: precios y gu\u00eda","description":"Consulta cu\u00e1nto cuesta operarse de la cadera con pr\u00f3tesis, factores que influyen en el precio, opciones de tratamiento y recomendaciones antes de la intervenci\u00f3n.","robots":{"index":"index","follow":"follow","max-snippet":"max-snippet:-1","max-image-preview":"max-image-preview:large","max-video-preview":"max-video-preview:-1"},"canonical":"https:\/\/operacionprotesisdecadera.es\/blog\/cuanto-cuesta-una-operacion-de-protesis-de-cadera-factores-clave\/","og_locale":"es_ES","og_type":"article","og_title":"Cu\u00e1nto cuesta una operaci\u00f3n de pr\u00f3tesis de cadera: precios y gu\u00eda","og_description":"Consulta cu\u00e1nto cuesta operarse de la cadera con pr\u00f3tesis, factores que influyen en el precio, opciones de tratamiento y recomendaciones antes de la intervenci\u00f3n.","og_url":"https:\/\/operacionprotesisdecadera.es\/blog\/cuanto-cuesta-una-operacion-de-protesis-de-cadera-factores-clave\/","og_site_name":"Operacion protesis de cadera","article_published_time":"2026-03-12T00:29:49+00:00","article_modified_time":"2026-03-12T09:49:34+00:00","og_image":[{"width":768,"height":381,"url":"https:\/\/operacionprotesisdecadera.es\/blog\/wp-content\/uploads\/2026\/03\/coste-operacion-protesis-cadera.jpg","type":"image\/jpeg"}],"author":"Sofia Martinez","twitter_card":"summary_large_image","twitter_misc":{"Escrito por":"Sofia Martinez","Tiempo de lectura":"5 minutos"},"schema":{"@context":"https:\/\/schema.org","@graph":[{"@type":"Article","@id":"https:\/\/operacionprotesisdecadera.es\/blog\/cuanto-cuesta-una-operacion-de-protesis-de-cadera-factores-clave\/#article","isPartOf":{"@id":"https:\/\/operacionprotesisdecadera.es\/blog\/cuanto-cuesta-una-operacion-de-protesis-de-cadera-factores-clave\/"},"author":{"name":"Sofia Martinez","@id":"https:\/\/operacionprotesisdecadera.es\/blog\/#\/schema\/person\/3d360f366081c3591ca3903fbe9db2fd"},"headline":"\u00bfCu\u00e1nto cuesta una operaci\u00f3n de pr\u00f3tesis de cadera? Factores clave","datePublished":"2026-03-12T00:29:49+00:00","dateModified":"2026-03-12T09:49:34+00:00","mainEntityOfPage":{"@id":"https:\/\/operacionprotesisdecadera.es\/blog\/cuanto-cuesta-una-operacion-de-protesis-de-cadera-factores-clave\/"},"wordCount":1111,"image":{"@id":"https:\/\/operacionprotesisdecadera.es\/blog\/cuanto-cuesta-una-operacion-de-protesis-de-cadera-factores-clave\/#primaryimage"},"thumbnailUrl":"https:\/\/operacionprotesisdecadera.es\/blog\/wp-content\/uploads\/2026\/03\/coste-operacion-protesis-cadera.jpg","articleSection":["blog"],"inLanguage":"es"},{"@type":"WebPage","@id":"https:\/\/operacionprotesisdecadera.es\/blog\/cuanto-cuesta-una-operacion-de-protesis-de-cadera-factores-clave\/","url":"https:\/\/operacionprotesisdecadera.es\/blog\/cuanto-cuesta-una-operacion-de-protesis-de-cadera-factores-clave\/","name":"Cu\u00e1nto cuesta una operaci\u00f3n de pr\u00f3tesis de cadera: precios y gu\u00eda","isPartOf":{"@id":"https:\/\/operacionprotesisdecadera.es\/blog\/#website"},"primaryImageOfPage":{"@id":"https:\/\/operacionprotesisdecadera.es\/blog\/cuanto-cuesta-una-operacion-de-protesis-de-cadera-factores-clave\/#primaryimage"},"image":{"@id":"https:\/\/operacionprotesisdecadera.es\/blog\/cuanto-cuesta-una-operacion-de-protesis-de-cadera-factores-clave\/#primaryimage"},"thumbnailUrl":"https:\/\/operacionprotesisdecadera.es\/blog\/wp-content\/uploads\/2026\/03\/coste-operacion-protesis-cadera.jpg","datePublished":"2026-03-12T00:29:49+00:00","dateModified":"2026-03-12T09:49:34+00:00","author":{"@id":"https:\/\/operacionprotesisdecadera.es\/blog\/#\/schema\/person\/3d360f366081c3591ca3903fbe9db2fd"},"description":"Consulta cu\u00e1nto cuesta operarse de la cadera con pr\u00f3tesis, factores que influyen en el precio, opciones de tratamiento y recomendaciones antes de la intervenci\u00f3n.","breadcrumb":{"@id":"https:\/\/operacionprotesisdecadera.es\/blog\/cuanto-cuesta-una-operacion-de-protesis-de-cadera-factores-clave\/#breadcrumb"},"inLanguage":"es","potentialAction":[{"@type":"ReadAction","target":["https:\/\/operacionprotesisdecadera.es\/blog\/cuanto-cuesta-una-operacion-de-protesis-de-cadera-factores-clave\/"]}]},{"@type":"ImageObject","inLanguage":"es","@id":"https:\/\/operacionprotesisdecadera.es\/blog\/cuanto-cuesta-una-operacion-de-protesis-de-cadera-factores-clave\/#primaryimage","url":"https:\/\/operacionprotesisdecadera.es\/blog\/wp-content\/uploads\/2026\/03\/coste-operacion-protesis-cadera.jpg","contentUrl":"https:\/\/operacionprotesisdecadera.es\/blog\/wp-content\/uploads\/2026\/03\/coste-operacion-protesis-cadera.jpg","width":768,"height":381},{"@type":"WebSite","@id":"https:\/\/operacionprotesisdecadera.es\/blog\/#website","url":"https:\/\/operacionprotesisdecadera.es\/blog\/","name":"Operacion protesis de cadera","description":"peracion protesis de cadera","potentialAction":[{"@type":"SearchAction","target":{"@type":"EntryPoint","urlTemplate":"https:\/\/operacionprotesisdecadera.es\/blog\/?s={search_term_string}"},"query-input":{"@type":"PropertyValueSpecification","valueRequired":true,"valueName":"search_term_string"}}],"inLanguage":"es"},{"@type":"Person","@id":"https:\/\/operacionprotesisdecadera.es\/blog\/#\/schema\/person\/3d360f366081c3591ca3903fbe9db2fd","name":"Sofia Martinez","image":{"@type":"ImageObject","inLanguage":"es","@id":"https:\/\/operacionprotesisdecadera.es\/blog\/wp-content\/uploads\/2026\/02\/dra--sofia-mendez-150x150.webp","url":"https:\/\/operacionprotesisdecadera.es\/blog\/wp-content\/uploads\/2026\/02\/dra--sofia-mendez-150x150.webp","contentUrl":"https:\/\/operacionprotesisdecadera.es\/blog\/wp-content\/uploads\/2026\/02\/dra--sofia-mendez-150x150.webp","caption":"Sofia Martinez"},"sameAs":["https:\/\/operacionprotesisdecadera.es\/blog"]}]}},"_links":{"self":[{"href":"https:\/\/operacionprotesisdecadera.es\/blog\/wp-json\/wp\/v2\/posts\/158","targetHints":{"allow":["GET"]}}],"collection":[{"href":"https:\/\/operacionprotesisdecadera.es\/blog\/wp-json\/wp\/v2\/posts"}],"about":[{"href":"https:\/\/operacionprotesisdecadera.es\/blog\/wp-json\/wp\/v2\/types\/post"}],"author":[{"embeddable":true,"href":"https:\/\/operacionprotesisdecadera.es\/blog\/wp-json\/wp\/v2\/users\/1"}],"replies":[{"embeddable":true,"href":"https:\/\/operacionprotesisdecadera.es\/blog\/wp-json\/wp\/v2\/comments?post=158"}],"version-history":[{"count":8,"href":"https:\/\/operacionprotesisdecadera.es\/blog\/wp-json\/wp\/v2\/posts\/158\/revisions"}],"predecessor-version":[{"id":196,"href":"https:\/\/operacionprotesisdecadera.es\/blog\/wp-json\/wp\/v2\/posts\/158\/revisions\/196"}],"wp:featuredmedia":[{"embeddable":true,"href":"https:\/\/operacionprotesisdecadera.es\/blog\/wp-json\/wp\/v2\/media\/164"}],"wp:attachment":[{"href":"https:\/\/operacionprotesisdecadera.es\/blog\/wp-json\/wp\/v2\/media?parent=158"}],"wp:term":[{"taxonomy":"category","embeddable":true,"href":"https:\/\/operacionprotesisdecadera.es\/blog\/wp-json\/wp\/v2\/categories?post=158"},{"taxonomy":"post_tag","embeddable":true,"href":"https:\/\/operacionprotesisdecadera.es\/blog\/wp-json\/wp\/v2\/tags?post=158"}],"curies":[{"name":"wp","href":"https:\/\/api.w.org\/{rel}","templated":true}]}}