{"id":140,"date":"2026-02-11T02:30:53","date_gmt":"2026-02-11T01:30:53","guid":{"rendered":"https:\/\/operacionprotesisdecadera.es\/blog\/?p=140"},"modified":"2026-02-11T02:44:33","modified_gmt":"2026-02-11T01:44:33","slug":"cuando-se-necesita-operar-la-cadera","status":"publish","type":"post","link":"https:\/\/operacionprotesisdecadera.es\/blog\/cuando-se-necesita-operar-la-cadera\/","title":{"rendered":"Cu\u00e1ndo se necesita operar la cadera"},"content":{"rendered":"\n<p>Imagina que cada vez que caminas sientes un dolor que no se va. Al principio aparece solo al final del d\u00eda, luego al levantarte de la cama y, sin darte cuenta, ya te acompa\u00f1a todo el tiempo. Muchas personas viven as\u00ed durante a\u00f1os sin saber que ese dolor tiene soluci\u00f3n. <strong>La gran pregunta es: cu\u00e1ndo se necesita operar la cadera y c\u00f3mo saber si ese momento ha llegado?<\/strong><br>En este art\u00edculo voy a explic\u00e1rtelo paso a paso, con palabras sencillas, para que entiendas qu\u00e9 ocurre en tu cadera y cu\u00e1ndo la cirug\u00eda se convierte en la mejor opci\u00f3n.<\/p>\n\n\n\n<h2 class=\"wp-block-heading\">\u00bfQu\u00e9 es la cadera y por qu\u00e9 duele?<\/h2>\n\n\n\n<p>La cadera es una articulaci\u00f3n que funciona como una \u201cbisagra\u201d. Une el f\u00e9mur (hueso del muslo) con la pelvis y nos permite caminar, sentarnos, subir escaleras y girar el cuerpo.<br>Cuando est\u00e1 sana, se mueve sin dolor. Pero cuando se desgasta o se da\u00f1a, aparece el dolor, la rigidez y la p\u00e9rdida de movilidad.<\/p>\n\n\n\n<p>El problema es que <strong>la cadera no suele avisar de golpe<\/strong>. El desgaste es lento y muchas personas se acostumbran al dolor pensando que es \u201cnormal por la edad\u201d. Y no siempre lo es.<\/p>\n\n\n\n<h2 class=\"wp-block-heading\">\u00bfCu\u00e1ndo se necesita operar la cadera?<\/h2>\n\n\n\n<p>La operaci\u00f3n de cadera <strong>no es la primera opci\u00f3n<\/strong>. Siempre se intenta primero un tratamiento sin cirug\u00eda. Sin embargo, llega un punto en el que operar es la mejor soluci\u00f3n para recuperar calidad de vida.<\/p>\n\n\n\n<p>En general, <strong>se necesita operar la cadera cuando se cumplen estas condiciones<\/strong>:<\/p>\n\n\n\n<ul class=\"wp-block-list\">\n<li>El dolor es constante y fuerte.<\/li>\n\n\n\n<li>El dolor no mejora con medicamentos, fisioterapia o reposo.<\/li>\n\n\n\n<li>La movilidad est\u00e1 muy limitada.<\/li>\n\n\n\n<li>El dolor impide hacer actividades diarias como caminar, dormir o vestirse.<\/li>\n\n\n\n<li>Las radiograf\u00edas muestran un da\u00f1o importante en la articulaci\u00f3n.<\/li>\n<\/ul>\n\n\n\n<p>La clave no es solo el dolor, sino <strong>c\u00f3mo ese dolor afecta tu vida diaria<\/strong>.<\/p>\n\n\n\n<h2 class=\"wp-block-heading\">Principales causas que llevan a una operaci\u00f3n de cadera<\/h2>\n\n\n\n<h3 class=\"wp-block-heading\">Artrosis de cadera (coxartrosis)<\/h3>\n\n\n\n<p>Es la causa m\u00e1s frecuente. El cart\u00edlago que protege la articulaci\u00f3n se va desgastando hasta que los huesos rozan entre s\u00ed. Esto provoca:<\/p>\n\n\n\n<ul class=\"wp-block-list\">\n<li>Dolor en la ingle, el gl\u00fateo o el muslo<\/li>\n\n\n\n<li>Rigidez al levantarse<\/li>\n\n\n\n<li>Dificultad para caminar<\/li>\n<\/ul>\n\n\n\n<p>Cuando la artrosis es avanzada y no responde a tratamiento conservador, <strong>la cirug\u00eda suele ser necesaria<\/strong>.<\/p>\n\n\n\n<h3 class=\"wp-block-heading\">Fractura de cadera<\/h3>\n\n\n\n<p>Muy com\u00fan en personas mayores tras una ca\u00edda. En muchos casos, <strong>la operaci\u00f3n es urgente<\/strong>, ya que permite volver a caminar antes y reduce complicaciones graves.<\/p>\n\n\n\n<h3 class=\"wp-block-heading\">Necrosis avascular de la cabeza del f\u00e9mur<\/h3>\n\n\n\n<p>Ocurre cuando el hueso no recibe suficiente sangre y empieza a morir. Produce dolor progresivo y, si avanza, <strong>la \u00fanica soluci\u00f3n es operar<\/strong>.<\/p>\n\n\n\n<h3 class=\"wp-block-heading\">Enfermedades reum\u00e1ticas o malformaciones<\/h3>\n\n\n\n<p>Algunas enfermedades inflamatorias o problemas en la forma de la cadera desde el nacimiento tambi\u00e9n pueden llevar al desgaste prematuro y a la cirug\u00eda.<\/p>\n\n\n\n<h2 class=\"wp-block-heading\">\u00bfQu\u00e9 es una pr\u00f3tesis de cadera?<\/h2>\n\n\n\n<p>Una <strong>pr\u00f3tesis de cadera<\/strong> es un implante artificial que sustituye la parte da\u00f1ada de la articulaci\u00f3n. Est\u00e1 dise\u00f1ada para imitar el movimiento natural de la cadera y eliminar el dolor.<\/p>\n\n\n\n<p>Suele estar formada por:<\/p>\n\n\n\n<ul class=\"wp-block-list\">\n<li>Una pieza que reemplaza la cabeza del f\u00e9mur<\/li>\n\n\n\n<li>Una pieza que reemplaza el acet\u00e1bulo (parte de la pelvis)<\/li>\n<\/ul>\n\n\n\n<p>El objetivo es simple: <strong>que la persona vuelva a moverse sin dolor<\/strong>.<\/p>\n\n\n\n<figure class=\"wp-block-image size-full is-resized\"><img decoding=\"async\" width=\"768\" height=\"576\" loading=\"lazy\" src=\"https:\/\/operacionprotesisdecadera.es\/blog\/wp-content\/uploads\/2026\/02\/2.webp\" alt=\"\" class=\"wp-image-146\" style=\"width:840px;height:auto\"\/><\/figure>\n\n\n\n<h2 class=\"wp-block-heading\">Se\u00f1ales claras de que la cirug\u00eda puede ser necesaria<\/h2>\n\n\n\n<p>Si te reconoces en varias de estas situaciones, es momento de consultar con un especialista:<\/p>\n\n\n\n<ul class=\"wp-block-list\">\n<li>Dolor incluso en reposo o por la noche<\/li>\n\n\n\n<li>Dificultad para caminar m\u00e1s de unos minutos<\/li>\n\n\n\n<li>Cojera constante<\/li>\n\n\n\n<li>Necesidad de bast\u00f3n o ayuda para moverte<\/li>\n\n\n\n<li>P\u00e9rdida de independencia<\/li>\n<\/ul>\n\n\n\n<p>&#x1f449; <strong>Una se\u00f1al muy importante<\/strong>: cuando el dolor te impide dormir bien, suele indicar que el da\u00f1o ya es avanzado.<\/p>\n\n\n\n<h2 class=\"wp-block-heading\">Tratamientos antes de llegar a la operaci\u00f3n<\/h2>\n\n\n\n<p>Antes de pensar en operar, normalmente se prueban:<\/p>\n\n\n\n<ul class=\"wp-block-list\">\n<li>Analg\u00e9sicos y antiinflamatorios<\/li>\n\n\n\n<li>Fisioterapia<\/li>\n\n\n\n<li>Ejercicio adaptado<\/li>\n\n\n\n<li>P\u00e9rdida de peso<\/li>\n\n\n\n<li>Infiltraciones<\/li>\n<\/ul>\n\n\n\n<p>Si estos tratamientos <strong>ya no funcionan o solo alivian por poco tiempo<\/strong>, la cirug\u00eda empieza a ser la mejor opci\u00f3n.<\/p>\n\n\n\n<h2 class=\"wp-block-heading\">\u00bfA qu\u00e9 edad se necesita operar la cadera?<\/h2>\n\n\n\n<p>No hay una edad exacta.<br>Hoy en d\u00eda se operan personas desde los 40 hasta m\u00e1s de 90 a\u00f1os.<\/p>\n\n\n\n<p>Lo importante no es la edad, sino:<\/p>\n\n\n\n<ul class=\"wp-block-list\">\n<li>El nivel de dolor<\/li>\n\n\n\n<li>El da\u00f1o de la articulaci\u00f3n<\/li>\n\n\n\n<li>El impacto en la vida diaria<\/li>\n<\/ul>\n\n\n\n<p>Una persona joven con dolor severo puede necesitar cirug\u00eda antes que una persona mayor con molestias leves.<\/p>\n\n\n\n<h2 class=\"wp-block-heading\">\u00bfQu\u00e9 pasa si se retrasa demasiado la operaci\u00f3n?<\/h2>\n\n\n\n<p>Retrasar la cirug\u00eda cuando ya es necesaria puede provocar:<\/p>\n\n\n\n<ul class=\"wp-block-list\">\n<li>M\u00e1s dolor y sufrimiento<\/li>\n\n\n\n<li>P\u00e9rdida de masa muscular<\/li>\n\n\n\n<li>Peor recuperaci\u00f3n tras la operaci\u00f3n<\/li>\n\n\n\n<li>Problemas en otras articulaciones por compensar<\/li>\n<\/ul>\n\n\n\n<p>Operar <strong>ni demasiado pronto ni demasiado tarde<\/strong> es la clave.<\/p>\n\n\n\n<h2 class=\"wp-block-heading\">\u00bfLa operaci\u00f3n de cadera es segura?<\/h2>\n\n\n\n<p>S\u00ed. Es una de las cirug\u00edas m\u00e1s realizadas y con mejores resultados en ortopedia.<br>La mayor\u00eda de los pacientes:<\/p>\n\n\n\n<ul class=\"wp-block-list\">\n<li>Recuperan la movilidad<\/li>\n\n\n\n<li>Eliminan el dolor<\/li>\n\n\n\n<li>Vuelven a caminar con normalidad<\/li>\n<\/ul>\n\n\n\n<p>Como toda cirug\u00eda, tiene riesgos, pero en manos expertas los beneficios superan claramente a los riesgos cuando est\u00e1 bien indicada.<\/p>\n\n\n\n<h2 class=\"wp-block-heading\">Preguntas frecuentes sobre cu\u00e1ndo operar la cadera<\/h2>\n\n\n\n<h3 class=\"wp-block-heading\">1. \u00bfEl dolor leve significa que ya necesito operar?<\/h3>\n\n\n\n<p>No. El dolor leve suele tratarse sin cirug\u00eda. La operaci\u00f3n se valora cuando el dolor es constante y limita la vida diaria.<\/p>\n\n\n\n<h3 class=\"wp-block-heading\">2. \u00bfPuedo esperar aunque me duela mucho?<\/h3>\n\n\n\n<p>Puedes esperar, pero no siempre es recomendable. Si el dolor es fuerte y continuo, retrasar la cirug\u00eda puede empeorar la recuperaci\u00f3n.<\/p>\n\n\n\n<h3 class=\"wp-block-heading\">3. \u00bfUna pr\u00f3tesis de cadera dura para siempre?<\/h3>\n\n\n\n<p>No es para siempre, pero puede durar entre 15 y 25 a\u00f1os, dependiendo del uso y el tipo de pr\u00f3tesis.<\/p>\n\n\n\n<h3 class=\"wp-block-heading\">4. \u00bfDespu\u00e9s de la operaci\u00f3n podr\u00e9 caminar normal?<\/h3>\n\n\n\n<p>S\u00ed. La mayor\u00eda de los pacientes caminan sin dolor y recuperan una vida activa.<\/p>\n\n\n\n<h3 class=\"wp-block-heading\">5. \u00bfLa operaci\u00f3n elimina el dolor por completo?<\/h3>\n\n\n\n<p>En la gran mayor\u00eda de los casos, s\u00ed. El objetivo principal de la cirug\u00eda es quitar el dolor.<\/p>\n\n\n\n<p>Saber <strong>cu\u00e1ndo se necesita operar la cadera<\/strong> no es solo una decisi\u00f3n m\u00e9dica, es una decisi\u00f3n de calidad de vida. Vivir con dolor no deber\u00eda ser normal. Hoy existen soluciones seguras y eficaces que permiten volver a moverse, dormir bien y disfrutar del d\u00eda a d\u00eda sin limitaciones.<\/p>\n\n\n\n<p>Si sientes que el dolor de cadera est\u00e1 controlando tu vida, <strong>quiz\u00e1 ha llegado el momento de informarte mejor y valorar una soluci\u00f3n definitiva<\/strong>. Dar ese paso puede marcar un antes y un despu\u00e9s en tu bienestar.<\/p>\n","protected":false},"excerpt":{"rendered":"<p>Imagina que cada vez que caminas sientes un dolor que no se&hellip;<\/p>\n","protected":false},"author":1,"featured_media":144,"comment_status":"closed","ping_status":"closed","sticky":false,"template":"","format":"standard","meta":{"footnotes":""},"categories":[2],"tags":[],"class_list":["post-140","post","type-post","status-publish","format-standard","has-post-thumbnail","hentry","category-blog"],"yoast_head":"<!-- This site is optimized with the Yoast SEO plugin v28.3 - https:\/\/yoast.com\/product\/yoast-seo-wordpress\/ -->\n<title>Cu\u00e1ndo se necesita operar la cadera | Actualizado septiembre 2026<\/title>\n<meta name=\"description\" content=\"\u27a4 Cu\u00e1ndo se necesita operar la cadera \u261d Imagina que cada vez que caminas sientes un dolor que no se va. Al principio aparece solo al final del d\u00eda, luego al levantarte de la cama y, sin darte ... \u27a4\" \/>\n<meta name=\"robots\" content=\"index, follow, max-snippet:-1, max-image-preview:large, max-video-preview:-1\" \/>\n<link rel=\"canonical\" href=\"https:\/\/operacionprotesisdecadera.es\/blog\/cuando-se-necesita-operar-la-cadera\/\" \/>\n<meta property=\"og:locale\" content=\"es_ES\" \/>\n<meta property=\"og:type\" content=\"article\" \/>\n<meta property=\"og:title\" content=\"Cu\u00e1ndo se necesita operar la cadera | Actualizado septiembre 2026\" \/>\n<meta property=\"og:description\" content=\"\u27a4 Cu\u00e1ndo se necesita operar la cadera \u261d Imagina que cada vez que caminas sientes un dolor que no se va. Al principio aparece solo al final del d\u00eda, luego al levantarte de la cama y, sin darte ... \u27a4\" \/>\n<meta property=\"og:url\" content=\"https:\/\/operacionprotesisdecadera.es\/blog\/cuando-se-necesita-operar-la-cadera\/\" \/>\n<meta property=\"og:site_name\" content=\"Operacion protesis de cadera\" \/>\n<meta property=\"article:published_time\" content=\"2026-02-11T01:30:53+00:00\" \/>\n<meta property=\"article:modified_time\" content=\"2026-02-11T01:44:33+00:00\" \/>\n<meta property=\"og:image\" content=\"https:\/\/operacionprotesisdecadera.es\/blog\/wp-content\/uploads\/2026\/02\/1-2.webp\" \/>\n\t<meta property=\"og:image:width\" content=\"768\" \/>\n\t<meta property=\"og:image:height\" content=\"576\" \/>\n\t<meta property=\"og:image:type\" content=\"image\/webp\" \/>\n<meta name=\"author\" content=\"Sofia Martinez\" \/>\n<meta name=\"twitter:card\" content=\"summary_large_image\" \/>\n<meta name=\"twitter:label1\" content=\"Escrito por\" \/>\n\t<meta name=\"twitter:data1\" content=\"Sofia Martinez\" \/>\n\t<meta name=\"twitter:label2\" content=\"Tiempo de lectura\" \/>\n\t<meta name=\"twitter:data2\" content=\"6 minutos\" \/>\n<script type=\"application\/ld+json\" class=\"yoast-schema-graph\">{\"@context\":\"https:\\\/\\\/schema.org\",\"@graph\":[{\"@type\":\"Article\",\"@id\":\"https:\\\/\\\/operacionprotesisdecadera.es\\\/blog\\\/cuando-se-necesita-operar-la-cadera\\\/#article\",\"isPartOf\":{\"@id\":\"https:\\\/\\\/operacionprotesisdecadera.es\\\/blog\\\/cuando-se-necesita-operar-la-cadera\\\/\"},\"author\":{\"name\":\"Sofia Martinez\",\"@id\":\"https:\\\/\\\/operacionprotesisdecadera.es\\\/blog\\\/#\\\/schema\\\/person\\\/3d360f366081c3591ca3903fbe9db2fd\"},\"headline\":\"Cu\u00e1ndo se necesita operar la cadera\",\"datePublished\":\"2026-02-11T01:30:53+00:00\",\"dateModified\":\"2026-02-11T01:44:33+00:00\",\"mainEntityOfPage\":{\"@id\":\"https:\\\/\\\/operacionprotesisdecadera.es\\\/blog\\\/cuando-se-necesita-operar-la-cadera\\\/\"},\"wordCount\":1133,\"image\":{\"@id\":\"https:\\\/\\\/operacionprotesisdecadera.es\\\/blog\\\/cuando-se-necesita-operar-la-cadera\\\/#primaryimage\"},\"thumbnailUrl\":\"https:\\\/\\\/operacionprotesisdecadera.es\\\/blog\\\/wp-content\\\/uploads\\\/2026\\\/02\\\/1-2.webp\",\"articleSection\":[\"blog\"],\"inLanguage\":\"es\"},{\"@type\":\"WebPage\",\"@id\":\"https:\\\/\\\/operacionprotesisdecadera.es\\\/blog\\\/cuando-se-necesita-operar-la-cadera\\\/\",\"url\":\"https:\\\/\\\/operacionprotesisdecadera.es\\\/blog\\\/cuando-se-necesita-operar-la-cadera\\\/\",\"name\":\"Cu\u00e1ndo se necesita operar la cadera | Actualizado septiembre 2026\",\"isPartOf\":{\"@id\":\"https:\\\/\\\/operacionprotesisdecadera.es\\\/blog\\\/#website\"},\"primaryImageOfPage\":{\"@id\":\"https:\\\/\\\/operacionprotesisdecadera.es\\\/blog\\\/cuando-se-necesita-operar-la-cadera\\\/#primaryimage\"},\"image\":{\"@id\":\"https:\\\/\\\/operacionprotesisdecadera.es\\\/blog\\\/cuando-se-necesita-operar-la-cadera\\\/#primaryimage\"},\"thumbnailUrl\":\"https:\\\/\\\/operacionprotesisdecadera.es\\\/blog\\\/wp-content\\\/uploads\\\/2026\\\/02\\\/1-2.webp\",\"datePublished\":\"2026-02-11T01:30:53+00:00\",\"dateModified\":\"2026-02-11T01:44:33+00:00\",\"author\":{\"@id\":\"https:\\\/\\\/operacionprotesisdecadera.es\\\/blog\\\/#\\\/schema\\\/person\\\/3d360f366081c3591ca3903fbe9db2fd\"},\"description\":\"\u27a4 Cu\u00e1ndo se necesita operar la cadera \u261d Imagina que cada vez que caminas sientes un dolor que no se va. Al principio aparece solo al final del d\u00eda, luego al levantarte de la cama y, sin darte ... \u27a4\",\"breadcrumb\":{\"@id\":\"https:\\\/\\\/operacionprotesisdecadera.es\\\/blog\\\/cuando-se-necesita-operar-la-cadera\\\/#breadcrumb\"},\"inLanguage\":\"es\",\"potentialAction\":[{\"@type\":\"ReadAction\",\"target\":[\"https:\\\/\\\/operacionprotesisdecadera.es\\\/blog\\\/cuando-se-necesita-operar-la-cadera\\\/\"]}]},{\"@type\":\"ImageObject\",\"inLanguage\":\"es\",\"@id\":\"https:\\\/\\\/operacionprotesisdecadera.es\\\/blog\\\/cuando-se-necesita-operar-la-cadera\\\/#primaryimage\",\"url\":\"https:\\\/\\\/operacionprotesisdecadera.es\\\/blog\\\/wp-content\\\/uploads\\\/2026\\\/02\\\/1-2.webp\",\"contentUrl\":\"https:\\\/\\\/operacionprotesisdecadera.es\\\/blog\\\/wp-content\\\/uploads\\\/2026\\\/02\\\/1-2.webp\",\"width\":768,\"height\":576},{\"@type\":\"WebSite\",\"@id\":\"https:\\\/\\\/operacionprotesisdecadera.es\\\/blog\\\/#website\",\"url\":\"https:\\\/\\\/operacionprotesisdecadera.es\\\/blog\\\/\",\"name\":\"Operacion protesis de cadera\",\"description\":\"peracion protesis de cadera\",\"potentialAction\":[{\"@type\":\"SearchAction\",\"target\":{\"@type\":\"EntryPoint\",\"urlTemplate\":\"https:\\\/\\\/operacionprotesisdecadera.es\\\/blog\\\/?s={search_term_string}\"},\"query-input\":{\"@type\":\"PropertyValueSpecification\",\"valueRequired\":true,\"valueName\":\"search_term_string\"}}],\"inLanguage\":\"es\"},{\"@type\":\"Person\",\"@id\":\"https:\\\/\\\/operacionprotesisdecadera.es\\\/blog\\\/#\\\/schema\\\/person\\\/3d360f366081c3591ca3903fbe9db2fd\",\"name\":\"Sofia Martinez\",\"image\":{\"@type\":\"ImageObject\",\"inLanguage\":\"es\",\"@id\":\"https:\\\/\\\/operacionprotesisdecadera.es\\\/blog\\\/wp-content\\\/uploads\\\/2026\\\/02\\\/dra--sofia-mendez-150x150.webp\",\"url\":\"https:\\\/\\\/operacionprotesisdecadera.es\\\/blog\\\/wp-content\\\/uploads\\\/2026\\\/02\\\/dra--sofia-mendez-150x150.webp\",\"contentUrl\":\"https:\\\/\\\/operacionprotesisdecadera.es\\\/blog\\\/wp-content\\\/uploads\\\/2026\\\/02\\\/dra--sofia-mendez-150x150.webp\",\"caption\":\"Sofia Martinez\"},\"sameAs\":[\"https:\\\/\\\/operacionprotesisdecadera.es\\\/blog\"]}]}<\/script>\n<!-- \/ Yoast SEO plugin. -->","yoast_head_json":{"title":"Cu\u00e1ndo se necesita operar la cadera | Actualizado septiembre 2026","description":"\u27a4 Cu\u00e1ndo se necesita operar la cadera \u261d Imagina que cada vez que caminas sientes un dolor que no se va. Al principio aparece solo al final del d\u00eda, luego al levantarte de la cama y, sin darte ... \u27a4","robots":{"index":"index","follow":"follow","max-snippet":"max-snippet:-1","max-image-preview":"max-image-preview:large","max-video-preview":"max-video-preview:-1"},"canonical":"https:\/\/operacionprotesisdecadera.es\/blog\/cuando-se-necesita-operar-la-cadera\/","og_locale":"es_ES","og_type":"article","og_title":"Cu\u00e1ndo se necesita operar la cadera | Actualizado septiembre 2026","og_description":"\u27a4 Cu\u00e1ndo se necesita operar la cadera \u261d Imagina que cada vez que caminas sientes un dolor que no se va. Al principio aparece solo al final del d\u00eda, luego al levantarte de la cama y, sin darte ... \u27a4","og_url":"https:\/\/operacionprotesisdecadera.es\/blog\/cuando-se-necesita-operar-la-cadera\/","og_site_name":"Operacion protesis de cadera","article_published_time":"2026-02-11T01:30:53+00:00","article_modified_time":"2026-02-11T01:44:33+00:00","og_image":[{"width":768,"height":576,"url":"https:\/\/operacionprotesisdecadera.es\/blog\/wp-content\/uploads\/2026\/02\/1-2.webp","type":"image\/webp"}],"author":"Sofia Martinez","twitter_card":"summary_large_image","twitter_misc":{"Escrito por":"Sofia Martinez","Tiempo de lectura":"6 minutos"},"schema":{"@context":"https:\/\/schema.org","@graph":[{"@type":"Article","@id":"https:\/\/operacionprotesisdecadera.es\/blog\/cuando-se-necesita-operar-la-cadera\/#article","isPartOf":{"@id":"https:\/\/operacionprotesisdecadera.es\/blog\/cuando-se-necesita-operar-la-cadera\/"},"author":{"name":"Sofia Martinez","@id":"https:\/\/operacionprotesisdecadera.es\/blog\/#\/schema\/person\/3d360f366081c3591ca3903fbe9db2fd"},"headline":"Cu\u00e1ndo se necesita operar la cadera","datePublished":"2026-02-11T01:30:53+00:00","dateModified":"2026-02-11T01:44:33+00:00","mainEntityOfPage":{"@id":"https:\/\/operacionprotesisdecadera.es\/blog\/cuando-se-necesita-operar-la-cadera\/"},"wordCount":1133,"image":{"@id":"https:\/\/operacionprotesisdecadera.es\/blog\/cuando-se-necesita-operar-la-cadera\/#primaryimage"},"thumbnailUrl":"https:\/\/operacionprotesisdecadera.es\/blog\/wp-content\/uploads\/2026\/02\/1-2.webp","articleSection":["blog"],"inLanguage":"es"},{"@type":"WebPage","@id":"https:\/\/operacionprotesisdecadera.es\/blog\/cuando-se-necesita-operar-la-cadera\/","url":"https:\/\/operacionprotesisdecadera.es\/blog\/cuando-se-necesita-operar-la-cadera\/","name":"Cu\u00e1ndo se necesita operar la cadera | Actualizado septiembre 2026","isPartOf":{"@id":"https:\/\/operacionprotesisdecadera.es\/blog\/#website"},"primaryImageOfPage":{"@id":"https:\/\/operacionprotesisdecadera.es\/blog\/cuando-se-necesita-operar-la-cadera\/#primaryimage"},"image":{"@id":"https:\/\/operacionprotesisdecadera.es\/blog\/cuando-se-necesita-operar-la-cadera\/#primaryimage"},"thumbnailUrl":"https:\/\/operacionprotesisdecadera.es\/blog\/wp-content\/uploads\/2026\/02\/1-2.webp","datePublished":"2026-02-11T01:30:53+00:00","dateModified":"2026-02-11T01:44:33+00:00","author":{"@id":"https:\/\/operacionprotesisdecadera.es\/blog\/#\/schema\/person\/3d360f366081c3591ca3903fbe9db2fd"},"description":"\u27a4 Cu\u00e1ndo se necesita operar la cadera \u261d Imagina que cada vez que caminas sientes un dolor que no se va. Al principio aparece solo al final del d\u00eda, luego al levantarte de la cama y, sin darte ... \u27a4","breadcrumb":{"@id":"https:\/\/operacionprotesisdecadera.es\/blog\/cuando-se-necesita-operar-la-cadera\/#breadcrumb"},"inLanguage":"es","potentialAction":[{"@type":"ReadAction","target":["https:\/\/operacionprotesisdecadera.es\/blog\/cuando-se-necesita-operar-la-cadera\/"]}]},{"@type":"ImageObject","inLanguage":"es","@id":"https:\/\/operacionprotesisdecadera.es\/blog\/cuando-se-necesita-operar-la-cadera\/#primaryimage","url":"https:\/\/operacionprotesisdecadera.es\/blog\/wp-content\/uploads\/2026\/02\/1-2.webp","contentUrl":"https:\/\/operacionprotesisdecadera.es\/blog\/wp-content\/uploads\/2026\/02\/1-2.webp","width":768,"height":576},{"@type":"WebSite","@id":"https:\/\/operacionprotesisdecadera.es\/blog\/#website","url":"https:\/\/operacionprotesisdecadera.es\/blog\/","name":"Operacion protesis de cadera","description":"peracion protesis de cadera","potentialAction":[{"@type":"SearchAction","target":{"@type":"EntryPoint","urlTemplate":"https:\/\/operacionprotesisdecadera.es\/blog\/?s={search_term_string}"},"query-input":{"@type":"PropertyValueSpecification","valueRequired":true,"valueName":"search_term_string"}}],"inLanguage":"es"},{"@type":"Person","@id":"https:\/\/operacionprotesisdecadera.es\/blog\/#\/schema\/person\/3d360f366081c3591ca3903fbe9db2fd","name":"Sofia Martinez","image":{"@type":"ImageObject","inLanguage":"es","@id":"https:\/\/operacionprotesisdecadera.es\/blog\/wp-content\/uploads\/2026\/02\/dra--sofia-mendez-150x150.webp","url":"https:\/\/operacionprotesisdecadera.es\/blog\/wp-content\/uploads\/2026\/02\/dra--sofia-mendez-150x150.webp","contentUrl":"https:\/\/operacionprotesisdecadera.es\/blog\/wp-content\/uploads\/2026\/02\/dra--sofia-mendez-150x150.webp","caption":"Sofia Martinez"},"sameAs":["https:\/\/operacionprotesisdecadera.es\/blog"]}]}},"_links":{"self":[{"href":"https:\/\/operacionprotesisdecadera.es\/blog\/wp-json\/wp\/v2\/posts\/140","targetHints":{"allow":["GET"]}}],"collection":[{"href":"https:\/\/operacionprotesisdecadera.es\/blog\/wp-json\/wp\/v2\/posts"}],"about":[{"href":"https:\/\/operacionprotesisdecadera.es\/blog\/wp-json\/wp\/v2\/types\/post"}],"author":[{"embeddable":true,"href":"https:\/\/operacionprotesisdecadera.es\/blog\/wp-json\/wp\/v2\/users\/1"}],"replies":[{"embeddable":true,"href":"https:\/\/operacionprotesisdecadera.es\/blog\/wp-json\/wp\/v2\/comments?post=140"}],"version-history":[{"count":2,"href":"https:\/\/operacionprotesisdecadera.es\/blog\/wp-json\/wp\/v2\/posts\/140\/revisions"}],"predecessor-version":[{"id":147,"href":"https:\/\/operacionprotesisdecadera.es\/blog\/wp-json\/wp\/v2\/posts\/140\/revisions\/147"}],"wp:featuredmedia":[{"embeddable":true,"href":"https:\/\/operacionprotesisdecadera.es\/blog\/wp-json\/wp\/v2\/media\/144"}],"wp:attachment":[{"href":"https:\/\/operacionprotesisdecadera.es\/blog\/wp-json\/wp\/v2\/media?parent=140"}],"wp:term":[{"taxonomy":"category","embeddable":true,"href":"https:\/\/operacionprotesisdecadera.es\/blog\/wp-json\/wp\/v2\/categories?post=140"},{"taxonomy":"post_tag","embeddable":true,"href":"https:\/\/operacionprotesisdecadera.es\/blog\/wp-json\/wp\/v2\/tags?post=140"}],"curies":[{"name":"wp","href":"https:\/\/api.w.org\/{rel}","templated":true}]}}